{"id":8654,"date":"2022-10-11T07:25:00","date_gmt":"2022-10-11T10:25:00","guid":{"rendered":"https:\/\/www.semanariolocal.cl\/?p=8654"},"modified":"2022-10-12T10:27:15","modified_gmt":"2022-10-12T13:27:15","slug":"nutricion-y-dietetica-la-carrera-que-busca-combatir-la-peligrosa-alza-de-la-obesidad","status":"publish","type":"post","link":"https:\/\/www.semanariolocal.cl\/?p=8654","title":{"rendered":"Nutrici\u00f3n y Diet\u00e9tica: La carrera que busca combatir la peligrosa alza de la obesidad"},"content":{"rendered":"\n<p>Seg\u00fan datos de la Organizaci\u00f3n para la Cooperaci\u00f3n y el Desarrollo Econ\u00f3mico (OCDE), el 74.2% de la poblaci\u00f3n adulta en Chile sufre de sobrepeso u obesidad.<\/p>\n\n\n\n<p>En cifras m\u00e1s espec\u00edficas, un 39,8% de la poblaci\u00f3n chilena mayor de 15 a\u00f1os tiene sobrepeso, 31,2% obesidad, y un 3,2% sufre obesidad m\u00f3rbida. El sedentarismo es una causa importante de estas cifras, ya que un 86,7% de los chilenos no realiza actividad f\u00edsica. De esta cifra, un 90% de las mujeres es sedentaria, al igual que el 83% de los hombres mayores de 15 a\u00f1os.<\/p>\n\n\n\n<p>La obesidad arrastra distintos problemas adem\u00e1s de los kilos de m\u00e1s. Enfermedades cardiovasculares, hipertensi\u00f3n y diabetes son las m\u00e1s comunes. Tomando en cuenta los datos de la encuesta OCDE, se sospecha que un 14% de mujeres y un 10,6% de los hombres \u2013actualmente- padecen diabetes.<\/p>\n\n\n\n<p>Una de las carreras que entra con fuerza a la oferta acad\u00e9mica de la Universidad Estatal de O&#8217;Higgins, es Nutrici\u00f3n y Diet\u00e9tica, que busca formar profesionales con un fuerte compromiso \u00e9tico en su actuar y una s\u00f3lida formaci\u00f3n en nutrici\u00f3n cl\u00ednica y comunitaria, gesti\u00f3n en salud, y as\u00ed como tambi\u00e9n en las \u00e1reas de investigaci\u00f3n e innovaci\u00f3n en las ciencias de la nutrici\u00f3n y los alimentos.<\/p>\n\n\n\n<p>\u201cHemos trabajado en un perfil que sea innovador y que tambi\u00e9n permita responder a los principales desaf\u00edos que actualmente tiene la nutrici\u00f3n, ya que el enfoque regional es un sello de nuestra universidad\u201d, indica la jefa de carrera de Nutrici\u00f3n y Diet\u00e9tica UOH, Francisca Salas-P\u00e9rez.<\/p>\n\n\n\n<p>La formaci\u00f3n b\u00e1sica y especializada le permitir\u00e1 al egresado\/a realizar intervenciones diet\u00e9ticas y dieto-terap\u00e9uticas, cautelar la seguridad alimentaria en servicios de alimentaci\u00f3n colectiva y promover estilos de vida saludables, as\u00ed como tambi\u00e9n prevenir y tratar enfermedades asociadas a la nutrici\u00f3n, adem\u00e1s de atender a las necesidades regionales a trav\u00e9s de la educaci\u00f3n en salud a lo largo del curso de la vida.<\/p>\n\n\n\n<p>\u201cLa alimentaci\u00f3n y la nutrici\u00f3n son claves en la salud p\u00fablica, as\u00ed como tambi\u00e9n lo son la inocuidad y seguridad alimentaria. En ese sentido, la posibilidad de crear la carrera de Nutrici\u00f3n en la UOH es una buena oportunidad para generar un plan de estudios que permita dar respuesta de manera integral a los distintos \u00e1mbitos laborales, con un enfoque en la sostenibilidad, el mejoramiento continuo y con pertinencia regional. Dentro de estos nuevos desaf\u00edos, se sugiere profundizar la formaci\u00f3n en dietoterapia en el \u00e1rea cl\u00ednica, dado el perfil epidemiol\u00f3gico del pa\u00eds y la din\u00e1mica de la nutrici\u00f3n y la alimentaci\u00f3n en las patolog\u00edas prevalentes que requieren de una mayor especializaci\u00f3n\u201d, se\u00f1ala la jefa de carrera.<\/p>\n\n\n\n<p>El profesional egresado de la Universidad de O\u2019Higgins podr\u00e1 desempe\u00f1arse en el sector p\u00fablico o privado, en centros de salud de diversa complejidad, instituciones educacionales, servicios de alimentaci\u00f3n, en las \u00e1reas de investigaci\u00f3n, innovaci\u00f3n, as\u00ed como tambi\u00e9n en el ejercicio libre de la profesi\u00f3n.<\/p>\n","protected":false},"excerpt":{"rendered":"<p>Seg\u00fan datos de la Organizaci\u00f3n para la Cooperaci\u00f3n y el Desarrollo Econ\u00f3mico (OCDE), el 74.2% de la poblaci\u00f3n adulta en Chile sufre de sobrepeso u obesidad. En cifras m\u00e1s espec\u00edficas, un 39,8% de la poblaci\u00f3n chilena mayor de 15 a\u00f1os tiene sobrepeso, 31,2% obesidad, y un 3,2% sufre obesidad m\u00f3rbida. El sedentarismo es una causa&#8230;<a class=\"btnReadMore\" href=\"https:\/\/www.semanariolocal.cl\/?p=8654\"> Leer M\u00e1s<\/a><\/p>\n","protected":false},"author":1,"featured_media":8656,"comment_status":"closed","ping_status":"closed","sticky":false,"template":"","format":"standard","meta":{"footnotes":""},"categories":[3,11],"tags":[],"class_list":["post-8654","post","type-post","status-publish","format-standard","has-post-thumbnail","hentry","category-al-dia","category-educacion"],"_links":{"self":[{"href":"https:\/\/www.semanariolocal.cl\/index.php?rest_route=\/wp\/v2\/posts\/8654","targetHints":{"allow":["GET"]}}],"collection":[{"href":"https:\/\/www.semanariolocal.cl\/index.php?rest_route=\/wp\/v2\/posts"}],"about":[{"href":"https:\/\/www.semanariolocal.cl\/index.php?rest_route=\/wp\/v2\/types\/post"}],"author":[{"embeddable":true,"href":"https:\/\/www.semanariolocal.cl\/index.php?rest_route=\/wp\/v2\/users\/1"}],"replies":[{"embeddable":true,"href":"https:\/\/www.semanariolocal.cl\/index.php?rest_route=%2Fwp%2Fv2%2Fcomments&post=8654"}],"version-history":[{"count":1,"href":"https:\/\/www.semanariolocal.cl\/index.php?rest_route=\/wp\/v2\/posts\/8654\/revisions"}],"predecessor-version":[{"id":8655,"href":"https:\/\/www.semanariolocal.cl\/index.php?rest_route=\/wp\/v2\/posts\/8654\/revisions\/8655"}],"wp:featuredmedia":[{"embeddable":true,"href":"https:\/\/www.semanariolocal.cl\/index.php?rest_route=\/wp\/v2\/media\/8656"}],"wp:attachment":[{"href":"https:\/\/www.semanariolocal.cl\/index.php?rest_route=%2Fwp%2Fv2%2Fmedia&parent=8654"}],"wp:term":[{"taxonomy":"category","embeddable":true,"href":"https:\/\/www.semanariolocal.cl\/index.php?rest_route=%2Fwp%2Fv2%2Fcategories&post=8654"},{"taxonomy":"post_tag","embeddable":true,"href":"https:\/\/www.semanariolocal.cl\/index.php?rest_route=%2Fwp%2Fv2%2Ftags&post=8654"}],"curies":[{"name":"wp","href":"https:\/\/api.w.org\/{rel}","templated":true}]}}