{"id":8649,"date":"2022-10-11T07:00:00","date_gmt":"2022-10-11T10:00:00","guid":{"rendered":"https:\/\/www.semanariolocal.cl\/?p=8649"},"modified":"2022-10-12T10:24:48","modified_gmt":"2022-10-12T13:24:48","slug":"diputado-borquez-solicita-adelantar-brigadas-forestales-a-chiloe","status":"publish","type":"post","link":"https:\/\/www.semanariolocal.cl\/?p=8649","title":{"rendered":"Diputado B\u00f3rquez solicita adelantar brigadas forestales a Chilo\u00e9"},"content":{"rendered":"\n<p>Anticip\u00e1ndose a episodios como los ocurridos la temporada pasada, el parlamentario por la zona, Fernando B\u00f3rquez, ofici\u00f3 a la Corporaci\u00f3n Nacional Forestal (CONAF) para adelantar la llegada del helic\u00f3ptero que durante la \u00e9poca estival presta servicios en el archipi\u00e9lago en el combate de incendios forestales.<\/p>\n\n\n\n<p>\u201cNo esperemos que los incendios forestales est\u00e9n a la vista para tomar decisiones importantes en Chilo\u00e9. El helic\u00f3ptero que presta servicios cada verano comenzar\u00e1 a operar reci\u00e9n en enero, pero es evidente que se necesita mucho antes, as\u00ed como el fortalecimiento de las brigadas forestales\u201d expuso el diputado por Chilo\u00e9, Palena y el sur de la provincia de Llanquihue.<\/p>\n\n\n\n<p>Para el diputado UDI es urgente que el gobierno est\u00e9 mejor preparado para el combate de incendios forestales, dado que el a\u00f1o pasado, un incendio forestal termin\u00f3 destruyendo m\u00e1s de un centenar de viviendas en el sector alto de Castro, dejando a m\u00e1s de 400 personas damnificadas.<\/p>\n\n\n\n<p>\u201cEl mega incendio que afect\u00f3 a Castro el a\u00f1o pasado, que tuvo su origen en un incendio forestal, nos obliga a reforzar las medidas de prevenci\u00f3n y exigir al gobierno la mayor de las preocupaciones para evitar una tragedia sin precedentes en nuestra provincia\u201d argument\u00f3 el legislador chilote.<\/p>\n\n\n\n<p>Junto con ello, Borquez explic\u00f3 que \u201cel gobierno anunci\u00f3 un aumento del 22% en el presupuesto para combatir incendios forestales, por lo que exigimos que ese incremento se vea reflejado en Chilo\u00e9 donde todos los a\u00f1os debemos lamentar un gran n\u00famero de hect\u00e1reas consumidas por el fuego. Nuestro archipi\u00e9lago no puede seguir postergado en un tema tan importante, por lo que solicitamos que tanto el helic\u00f3ptero como las brigadas forestales comiencen sus operaciones prontamente y no estar con el fuego descontrolado para agilizar la llegada de recursos\u201d.<\/p>\n","protected":false},"excerpt":{"rendered":"<p>Anticip\u00e1ndose a episodios como los ocurridos la temporada pasada, el parlamentario por la zona, Fernando B\u00f3rquez, ofici\u00f3 a la Corporaci\u00f3n Nacional Forestal (CONAF) para adelantar la llegada del helic\u00f3ptero que durante la \u00e9poca estival presta servicios en el archipi\u00e9lago en el combate de incendios forestales. \u201cNo esperemos que los incendios forestales est\u00e9n a la vista&#8230;<a class=\"btnReadMore\" href=\"https:\/\/www.semanariolocal.cl\/?p=8649\"> Leer M\u00e1s<\/a><\/p>\n","protected":false},"author":1,"featured_media":8653,"comment_status":"closed","ping_status":"closed","sticky":false,"template":"","format":"standard","meta":{"footnotes":""},"categories":[3],"tags":[],"class_list":["post-8649","post","type-post","status-publish","format-standard","has-post-thumbnail","hentry","category-al-dia"],"_links":{"self":[{"href":"https:\/\/www.semanariolocal.cl\/index.php?rest_route=\/wp\/v2\/posts\/8649","targetHints":{"allow":["GET"]}}],"collection":[{"href":"https:\/\/www.semanariolocal.cl\/index.php?rest_route=\/wp\/v2\/posts"}],"about":[{"href":"https:\/\/www.semanariolocal.cl\/index.php?rest_route=\/wp\/v2\/types\/post"}],"author":[{"embeddable":true,"href":"https:\/\/www.semanariolocal.cl\/index.php?rest_route=\/wp\/v2\/users\/1"}],"replies":[{"embeddable":true,"href":"https:\/\/www.semanariolocal.cl\/index.php?rest_route=%2Fwp%2Fv2%2Fcomments&post=8649"}],"version-history":[{"count":1,"href":"https:\/\/www.semanariolocal.cl\/index.php?rest_route=\/wp\/v2\/posts\/8649\/revisions"}],"predecessor-version":[{"id":8652,"href":"https:\/\/www.semanariolocal.cl\/index.php?rest_route=\/wp\/v2\/posts\/8649\/revisions\/8652"}],"wp:featuredmedia":[{"embeddable":true,"href":"https:\/\/www.semanariolocal.cl\/index.php?rest_route=\/wp\/v2\/media\/8653"}],"wp:attachment":[{"href":"https:\/\/www.semanariolocal.cl\/index.php?rest_route=%2Fwp%2Fv2%2Fmedia&parent=8649"}],"wp:term":[{"taxonomy":"category","embeddable":true,"href":"https:\/\/www.semanariolocal.cl\/index.php?rest_route=%2Fwp%2Fv2%2Fcategories&post=8649"},{"taxonomy":"post_tag","embeddable":true,"href":"https:\/\/www.semanariolocal.cl\/index.php?rest_route=%2Fwp%2Fv2%2Ftags&post=8649"}],"curies":[{"name":"wp","href":"https:\/\/api.w.org\/{rel}","templated":true}]}}