{"id":8642,"date":"2022-10-09T09:20:00","date_gmt":"2022-10-09T12:20:00","guid":{"rendered":"https:\/\/www.semanariolocal.cl\/?p=8642"},"modified":"2022-10-10T21:24:04","modified_gmt":"2022-10-11T00:24:04","slug":"lanzan-2-version-programa-escala-en-apoyo-a-emprendedores-silvoagropecuarios-de-la-region","status":"publish","type":"post","link":"https:\/\/www.semanariolocal.cl\/?p=8642","title":{"rendered":"Lanzan 2\u00b0 versi\u00f3n Programa Escala en apoyo  a emprendedores silvoagropecuarios de la regi\u00f3n"},"content":{"rendered":"\n<p>Desde el recinto Sago en la comuna de Osorno se lanz\u00f3 la segunda versi\u00f3n del Programa Escala Los Lagos, instancia personalizada de formaci\u00f3n, acompa\u00f1amiento y financiamiento enfocado en micro y peque\u00f1os emprendedores del rubro silvoagropecuario de la regi\u00f3n de Los Lagos.<\/p>\n\n\n\n<p>Su principal objetivo, es brindar a los emprendedores las herramientas necesarias para abordar las dificultades que enfrentan en el desarrollo de sus negocios, para detectar oportunidades y transformar este apoyo en una mejor calidad de vida, formando una comunidad de emprendedores del agro que aporten al desarrollo econ\u00f3mico local.<\/p>\n\n\n\n<p>Claudia Pizarro, directora de la Fundaci\u00f3n Antonio Hitschfeld, explic\u00f3 que \u201cestamos invitando a todos los emprendedores de la zona que quieran participar en el programa, que tengan hambre, que tengan ganas de surgir de salir de adelante y de escalar en la zona para ser un motor diferenciador y multiplicador de oportunidades\u201d.<\/p>\n\n\n\n<p>En esa l\u00ednea, agreg\u00f3 que en la primera versi\u00f3n \u201cllegamos a seleccionar los mejores 20 emprendedores, es un programa muy focalizado lo que permite que con ello se pueda trabajar en una capacitaci\u00f3n muy fuerte en los temas que se diagnostic\u00f3\u201d.<\/p>\n\n\n\n<p>Por su parte, Alejandra Canessa directora ejecutiva de la Corporaci\u00f3n Sim\u00f3n de Cirene, asegur\u00f3 que el principal objetivo del trabajo conjunto con la Fundaci\u00f3n Antonio Hitschfeld es \u201cbuscar aquellos emprendedores que tengan esfuerzo, que sean un punto que potencia su regi\u00f3n y generales capacitaci\u00f3n, entregarles apoyo y acompa\u00f1arlos en todo sus sue\u00f1os es muy importante, pero la verdad que buscamos a aquellos que son realmente quienes marcan la diferencia, quienes desarrollan el<\/p>\n\n\n\n<p>territorio y la Fundaci\u00f3n Antonio Hitschfeld especialmente est\u00e1 buscando esto y nosotros le agradecemos por compartir eso con nosotros\u201d<\/p>\n\n\n\n<p><strong>Emprendedores<\/strong><\/p>\n\n\n\n<p>El programa consiste en acompa\u00f1ar a 20 emprendedores a trav\u00e9s de 4 componentes, durante el primer a\u00f1o: Capacitaci\u00f3n, Mentor\u00eda, Financiamiento y la formaci\u00f3n de una Red Colaborativa denominada \u201cComunidad Emprendedora\u201d, para luego continuar el segundo a\u00f1o con un nuevo ciclo de Mentor\u00edas, actividades de asociatividad y Charlas Escala.<\/p>\n\n\n\n<p>Una de las participantes de la primera versi\u00f3n fue Andrea Moreno, quien fund\u00f3 en la comuna de Osorno su emprendimiento Centraliza. Ella destaca que Escala Los Lagos le permiti\u00f3 relacionarse \u201ccon gente del rubro y eso es importante, porque aprendemos a apoyarnos y a conocer otros negocios del sector y de la zona\u201d.<\/p>\n\n\n\n<p>Agrega que \u201ces muy positivo tener visiones externas a los negocios, sobre todo cuando estamos empezando en un proyecto, tener visiones externas es duro, pero tambi\u00e9n abre una un abanico de posibilidades y \u00e1reas de mejora, sobre todo en c\u00f3mo llevar las finanzas del negocio. Eso ayuda much\u00edsimo, yo creo que muchos de los que emprendemos conocemos muy bien c\u00f3mo vender o c\u00f3mo realizar nuestra labor, pero muy pocas personas nos ense\u00f1an las bases y los pilares de un de un negocio o un emprendimiento\u201d.<\/p>\n\n\n\n<p>Ram\u00f3n Soto, fundador de Ap\u00edcola Isla Quinchao, en la Provincia de Chilo\u00e9, fue otro de los participantes de la primera versi\u00f3n, quien confiesa que ingres\u00f3 al programa \u201cm\u00e1s que nada para darle un segundo paso a mi empresa, todo lo que entrega Escala Los Lagos como capacitaciones, la mentor\u00eda y despu\u00e9s los fondos concursables, son un gran apoyo se nota la dedicaci\u00f3n que se le pone al programa en las capacitaciones y los trabajos de mentor\u00eda, es super interesante\u201d.<\/p>\n\n\n\n<p>Desde la comuna de Frutillar Paulina Retamal y su emprendimiento \u201cQuesos DCabra\u201d, tambi\u00e9n fue una de las seleccionadas de la primera versi\u00f3n del programa Escala Los Lagos, ella asegura que \u201cno estaba ordenada en tema de costos y en la proyecci\u00f3n hacia adelante, qu\u00e9 es lo que quiero hacer. Me sirvi\u00f3 para aclarar muchas cosas que adem\u00e1s no esperaba. Voy con un foco m\u00e1s claro de lo que quiero y de hasta d\u00f3nde quiero llegar. Yo ya estoy hace 6 a\u00f1os vendiendo, el producto ya lo conoc\u00edan, pero<\/p>\n\n\n\n<p>la forma de comercializarlo, de distribuirlo y todo tambi\u00e9n genera un cambio y una mejora\u201d.<\/p>\n\n\n\n<p><strong>Plazos y postulaciones<\/strong><\/p>\n\n\n\n<p>Las postulaciones para el Programa Escala Los Lagos estar\u00e1n abiertas desde el 7 al 23 de octubre en la p\u00e1gina <a href=\"about:blank\">www.escalaloslagos.cl<\/a>; Los usuarios deben registrarse y llenar el formulario requerido.<\/p>\n\n\n\n<p>Desde el 24 de octubre al 4 de noviembre se realizar\u00e1 el proceso de revisi\u00f3n y pre selecci\u00f3n, para dar paso a las entrevistas, desde el 7 al 14 de noviembre. Finalmente, la semana del 28 de noviembre se anunciar\u00e1 a los 20 seleccionados.<\/p>\n\n\n\n<p>Los requisitos para postular son:<\/p>\n\n\n\n<ul class=\"wp-block-list\"><li>Emprendimientos de productos o servicios del sector silvoagropecuario.<\/li><li>Ventas anuales entre 200 y 5.000 UF.<\/li><li>M\u00e1s de 6 meses de antig\u00fcedad en tu negocio.<\/li><\/ul>\n","protected":false},"excerpt":{"rendered":"<p>La iniciativa es organizada por la Fundaci\u00f3n Antonio Hitschfeld y ejecutado por la Corporaci\u00f3n Sim\u00f3n de Cirene. Su plazo de postulaci\u00f3n es del 7 al 23 de octubre en www.escalaloslagos.cl<\/p>\n","protected":false},"author":1,"featured_media":8643,"comment_status":"closed","ping_status":"closed","sticky":false,"template":"","format":"standard","meta":{"footnotes":""},"categories":[3,12],"tags":[],"class_list":["post-8642","post","type-post","status-publish","format-standard","has-post-thumbnail","hentry","category-al-dia","category-economia"],"_links":{"self":[{"href":"https:\/\/www.semanariolocal.cl\/index.php?rest_route=\/wp\/v2\/posts\/8642","targetHints":{"allow":["GET"]}}],"collection":[{"href":"https:\/\/www.semanariolocal.cl\/index.php?rest_route=\/wp\/v2\/posts"}],"about":[{"href":"https:\/\/www.semanariolocal.cl\/index.php?rest_route=\/wp\/v2\/types\/post"}],"author":[{"embeddable":true,"href":"https:\/\/www.semanariolocal.cl\/index.php?rest_route=\/wp\/v2\/users\/1"}],"replies":[{"embeddable":true,"href":"https:\/\/www.semanariolocal.cl\/index.php?rest_route=%2Fwp%2Fv2%2Fcomments&post=8642"}],"version-history":[{"count":1,"href":"https:\/\/www.semanariolocal.cl\/index.php?rest_route=\/wp\/v2\/posts\/8642\/revisions"}],"predecessor-version":[{"id":8644,"href":"https:\/\/www.semanariolocal.cl\/index.php?rest_route=\/wp\/v2\/posts\/8642\/revisions\/8644"}],"wp:featuredmedia":[{"embeddable":true,"href":"https:\/\/www.semanariolocal.cl\/index.php?rest_route=\/wp\/v2\/media\/8643"}],"wp:attachment":[{"href":"https:\/\/www.semanariolocal.cl\/index.php?rest_route=%2Fwp%2Fv2%2Fmedia&parent=8642"}],"wp:term":[{"taxonomy":"category","embeddable":true,"href":"https:\/\/www.semanariolocal.cl\/index.php?rest_route=%2Fwp%2Fv2%2Fcategories&post=8642"},{"taxonomy":"post_tag","embeddable":true,"href":"https:\/\/www.semanariolocal.cl\/index.php?rest_route=%2Fwp%2Fv2%2Ftags&post=8642"}],"curies":[{"name":"wp","href":"https:\/\/api.w.org\/{rel}","templated":true}]}}