{"id":8639,"date":"2022-10-08T09:17:00","date_gmt":"2022-10-08T12:17:00","guid":{"rendered":"https:\/\/www.semanariolocal.cl\/?p=8639"},"modified":"2022-10-10T21:19:11","modified_gmt":"2022-10-11T00:19:11","slug":"incautan-mas-de-100-millones-en-ropa-falsa-y-de-contrabando-destinada-al-comercio-ilegal","status":"publish","type":"post","link":"https:\/\/www.semanariolocal.cl\/?p=8639","title":{"rendered":"Incautan m\u00e1s de $ 100 millones en ropa falsa y de contrabando destinada al comercio ilegal"},"content":{"rendered":"\n<p>La realizaci\u00f3n de meticulosas investigaciones y procedimientos realizados en la Regi\u00f3n de Tarapac\u00e1 y Regi\u00f3n Metropolitana por parte de la Fiscal\u00eda Metropolitana Occidente, el Servicio Nacional de Aduanas y Carabineros de Chile, permitieron la millonaria incautaci\u00f3n de miles de prendas de vestir falsas y de contrabando que estaban destinadas al comercio ilegal de Santiago y regiones, lo que se enmarca en los esfuerzos interinstitucionales que se est\u00e1n llevando a cabo para enfrentar el crimen organizado.<\/p>\n\n\n\n<p>Los riesgos identificados est\u00e1n asociados al comercio il\u00edcito a trav\u00e9s de redes sociales y al comercio ambulante de Santiago y regiones del resto del pa\u00eds, donde proveedores que operan en la Zona Franca de Iquique importar\u00edan ilegalmente ropa falsificada y de contrabando.<\/p>\n\n\n\n<p>De esta forma, a partir de labor de la Unidad de An\u00e1lisis de Riesgos de la Aduana Regional Metropolitana en coordinaci\u00f3n con la Aduana Regional de Iquique, la SIP Metropolitana de Carabineros y la Fiscal\u00eda de Pudahuel, equipos de polic\u00edas y funcionarios aduaneros llegaron hasta unos domicilios donde se acopiaban prendas de vestir de diverso tipo que hab\u00edan sido ingresadas ilegalmente al pa\u00eds.<\/p>\n\n\n\n<p>Uno de ellos correspondi\u00f3 a una empresa liquidadora e importadora que hab\u00eda declarado sus importaciones de manera gen\u00e9rica y a granel, sin mayores detalles. Tras revisar la documentaci\u00f3n y revisar los productos, se incautaron la totalidad de las mercanc\u00edas de origen extranjero que almacenaban en sacos, correspondientes 5.892 unidades (2 toneladas). De \u00e9stas, 3.736 eran prendas de vestir originales que ingresaron al pa\u00eds como contrabando y subvaloradas, mientras que las otras 2.126 unidades eran falsificadas.&nbsp; En este caso algunas de las marcas afectadas corresponden a Levi\u2019s, Tommy Hilfiger, Adidas y Reebok.<\/p>\n\n\n\n<p>Esta incautaci\u00f3n fue valorizada en US$ 95.921.38 (m\u00e1s de 90 millones de pesos), mientras que respecto de las mercanc\u00edas de contrabando se comprob\u00f3 un perjuicio fiscal de US$ 19.522,04 (m\u00e1s de 18 millones de pesos).<\/p>\n\n\n\n<p>En un segundo operativo en otro domicilio se incautaron 509 poleras, vestidos, polerones y pantalones que imitaban a prestigiosas marcas como Tommy Hilfiger, Calvin Klein, Emporio Armani y Reebook, mercanc\u00edas que fueron valorizadas por Carabineros en m\u00e1s de 28 millones de pesos.<\/p>\n\n\n\n<p>La Delegada Presidencial Regional Metropolitana, Constanza Mart\u00ednez, destac\u00f3 \u201clo que vemos hoy d\u00eda es un trabajo interinstitucional que ha tenido un enorme apoyo a trav\u00e9s de la labor sostenida de Aduanas, Fiscal\u00eda y tambi\u00e9n de la SIP de Carabineros. Esa coordinaci\u00f3n va en la direcci\u00f3n correcta, ya que es muy importante poder recuperar nuestros espacios p\u00fablicos y para eso no podemos simplemente atacar el \u00faltimo eslab\u00f3n de la cadena, necesitamos tambi\u00e9n tener un trabajo investigativo que sabemos ha sido silencioso, muy profesional y ha estado involucrado tambi\u00e9n en el decomiso que estamos mostrando hoy\u201d.<\/p>\n\n\n\n<p>El Fiscal Adjunto de Pudahuel, Pablo Alonso, explic\u00f3 que \u201cen esta investigaci\u00f3n hay delitos que est\u00e1n contemplados, espec\u00edficamente, en las Leyes de Propiedad Industrial y la Ordenanza de Aduanas. Lo que hoy d\u00eda estamos realizando son distintas diligencias a ra\u00edz de la investigaci\u00f3n como, por ejemplo, la incautaci\u00f3n de especies para la identificaci\u00f3n de los part\u00edcipes de todos quienes pudiesen haber participado de este il\u00edcito.\u201d<\/p>\n\n\n\n<p>Por su parte, la Jefa del Departamento de Fiscalizaci\u00f3n de la Aduana Metropolitana, Mar\u00eda Jos\u00e9 Rodr\u00edguez, detall\u00f3 que \u201cen coordinaci\u00f3n con otros organismos p\u00fablicos hemos incautado m\u00e1s de 2 toneladas de ropa de contrabando que estaba destinada a abastecer el comercio ambulante e ilegal de redes social, por lo que este hallazgo es fruto del trabajo mancomunado con la Fiscal\u00eda Local de Pudahuel, con la SIP de Carabineros y la Aduana de Iquique, adem\u00e1s de trabajo el an\u00e1lisis de inteligencia, la fiscalizaci\u00f3n a posteriori y la asesor\u00eda legal del Departamento de Fiscalizaci\u00f3n de la Aduana Metropolitana\u201d.<\/p>\n\n\n\n<p>Rodr\u00edguez agreg\u00f3 que \u201ceste caso se trata de operadores que, desde la Zona Franca de Iquique ingresan al pa\u00eds mercanc\u00edas que es falsificada, pero tambi\u00e9n hubo ropa original, pero subvalorada y evadiendo los impuestos que correspond\u00eda pagar. Los operativos realizados permitieron la incautaci\u00f3n de m\u00e1s de 6 mil prendas de ropa, determin\u00e1ndose, por parte de las marcas registradas en Chile que, el 40% de esta incautaci\u00f3n correspond\u00eda a mercanc\u00eda falsificada. Eval\u00fao total de las especies alcanza a m\u00e1s de 100 millones de pesos y el perjuicio fiscal de la mercanc\u00eda original subvalorada alcanza a los 18 millones de pesos\u201d.<\/p>\n\n\n\n<p>Finalmente, el Jefe de Zona Santiago Oeste de Carabineros, General Carlos Gonz\u00e1lez, enfatiz\u00f3 que \u201chemos logrado desbaratar una banda importante que se dedicaba a la internaci\u00f3n de especies prohibidas y que est\u00e1n en el marco a la infracci\u00f3n de la Ley de Propiedad Industrial, por lo que queremos hacer un llamado a la comunidad a que si ven este tipo de situaciones, sepan que la compras de estas especies est\u00e1n bajo el amparo de la Ley de Propiedad Intelectual e Industrial siempre tienen un costo alto porque tambi\u00e9n existe la persecuci\u00f3n para quienes compran en el mercado informal\u201d.<\/p>\n\n\n\n<p>El llamado de las autoridades es claro: siempre sospechar de precios que sean distintos a los reales, no comprar prendas en el comercio irregular y consultar tanto por la procedencia como por la autenticidad de los productos para evitar ser v\u00edctima de enga\u00f1os.<\/p>\n","protected":false},"excerpt":{"rendered":"<p>Efectiva coordinaci\u00f3n interinstitucional en el marco del trabajo para enfrentar el crimen organizado.<\/p>\n","protected":false},"author":1,"featured_media":8640,"comment_status":"closed","ping_status":"closed","sticky":false,"template":"","format":"standard","meta":{"footnotes":""},"categories":[3],"tags":[],"class_list":["post-8639","post","type-post","status-publish","format-standard","has-post-thumbnail","hentry","category-al-dia"],"_links":{"self":[{"href":"https:\/\/www.semanariolocal.cl\/index.php?rest_route=\/wp\/v2\/posts\/8639","targetHints":{"allow":["GET"]}}],"collection":[{"href":"https:\/\/www.semanariolocal.cl\/index.php?rest_route=\/wp\/v2\/posts"}],"about":[{"href":"https:\/\/www.semanariolocal.cl\/index.php?rest_route=\/wp\/v2\/types\/post"}],"author":[{"embeddable":true,"href":"https:\/\/www.semanariolocal.cl\/index.php?rest_route=\/wp\/v2\/users\/1"}],"replies":[{"embeddable":true,"href":"https:\/\/www.semanariolocal.cl\/index.php?rest_route=%2Fwp%2Fv2%2Fcomments&post=8639"}],"version-history":[{"count":1,"href":"https:\/\/www.semanariolocal.cl\/index.php?rest_route=\/wp\/v2\/posts\/8639\/revisions"}],"predecessor-version":[{"id":8641,"href":"https:\/\/www.semanariolocal.cl\/index.php?rest_route=\/wp\/v2\/posts\/8639\/revisions\/8641"}],"wp:featuredmedia":[{"embeddable":true,"href":"https:\/\/www.semanariolocal.cl\/index.php?rest_route=\/wp\/v2\/media\/8640"}],"wp:attachment":[{"href":"https:\/\/www.semanariolocal.cl\/index.php?rest_route=%2Fwp%2Fv2%2Fmedia&parent=8639"}],"wp:term":[{"taxonomy":"category","embeddable":true,"href":"https:\/\/www.semanariolocal.cl\/index.php?rest_route=%2Fwp%2Fv2%2Fcategories&post=8639"},{"taxonomy":"post_tag","embeddable":true,"href":"https:\/\/www.semanariolocal.cl\/index.php?rest_route=%2Fwp%2Fv2%2Ftags&post=8639"}],"curies":[{"name":"wp","href":"https:\/\/api.w.org\/{rel}","templated":true}]}}