{"id":8636,"date":"2022-10-09T10:50:00","date_gmt":"2022-10-09T13:50:00","guid":{"rendered":"https:\/\/www.semanariolocal.cl\/?p=8636"},"modified":"2022-10-10T21:16:38","modified_gmt":"2022-10-11T00:16:38","slug":"empleadores-deberan-mantener-stock-de-mascarillas-por-covid-19-en-centros-de-trabajo","status":"publish","type":"post","link":"https:\/\/www.semanariolocal.cl\/?p=8636","title":{"rendered":"Empleadores deber\u00e1n mantener stock de mascarillas por Covid-19 en centros de trabajo"},"content":{"rendered":"\n<p>La disposici\u00f3n de mascarillas protectoras del Covid-19 para los trabajadores y trabajadoras que elijan seguir utiliz\u00e1ndolas en los centros de trabajo es una de las obligaciones que deben continuar cumpliendo los empleadores, aun en el nuevo escenario de flexibilidad en el manejo de la pandemia dispuesto recientemente por la autoridad sanitaria.<\/p>\n\n\n\n<p>As\u00ed lo sostiene un pronunciamiento de la Direcci\u00f3n del Trabajo (DT) sobre los efectos de las nuevas instrucciones impartidas por el Ministerio de Salud para el manejo y control del Coronavirus, el que permite eliminar la obligatoriedad de ciertas medidas de protecci\u00f3n como, por ejemplo, el uso de mascarillas en los centros laborales.<\/p>\n\n\n\n<p>La DT recuerda que, en el marco de la prolongaci\u00f3n del estado de alerta sanitaria hasta el 31 de diciembre pr\u00f3ximo, esa secretar\u00eda de Estado dict\u00f3 el pasado 29 de septiembre la resoluci\u00f3n N\u00b0 1.400, estableciendo el plan \u201cSeguimos cuid\u00e1ndonos\u201d, que modera las anteriores exigencias preventivas contra la pandemia.<\/p>\n\n\n\n<p>Asimismo, menciona que la Superintendencia de Seguridad Social (Suseso) emiti\u00f3 el pasado 30 de septiembre la Circular N\u00b0 3.697, estableciendo a contar del 1 de octubre el nuevo protocolo de seguridad sanitaria que deber\u00e1n cumplir los empleadores.<\/p>\n\n\n\n<p>Considerando la dictaci\u00f3n de ambos pronunciamientos, la DT concluye que \u201centre otras medidas de prevenci\u00f3n de contagio, el empleador deber\u00e1 mantener mascarillas a disposici\u00f3n de aquellos trabajadores que prefieran utilizarlas, art\u00edculos de aseo para el lavado de manos, organizar los puestos de trabajo con un distanciamiento seguro y realizar la higienizaci\u00f3n peri\u00f3dica del lugar de trabajo\u201d.<\/p>\n\n\n\n<p>Finalmente, la DT se\u00f1ala que de acuerdo a la circular de la Suseso, los organismos administradores del Seguro de la Ley N\u00b0 16.744 (mutuales de seguridad) deber\u00e1n comunicar v\u00eda correo electr\u00f3nico a sus empresas afiliadas que el protocolo preventivo laboral ha sido actualizado, con el fin de que ajusten sus medidas preventivas a las nuevas exigencias y recomendaciones.<\/p>\n","protected":false},"excerpt":{"rendered":"<p>Direcci\u00f3n del Trabajo establece que las medidas preventivas contra el Covid-19 en los centros laborales siguen vigentes aun en el nuevo contexto de mayor flexibilidad en el manejo de la alerta sanitaria.<\/p>\n","protected":false},"author":1,"featured_media":8637,"comment_status":"closed","ping_status":"closed","sticky":false,"template":"","format":"standard","meta":{"footnotes":""},"categories":[3],"tags":[],"class_list":["post-8636","post","type-post","status-publish","format-standard","has-post-thumbnail","hentry","category-al-dia"],"_links":{"self":[{"href":"https:\/\/www.semanariolocal.cl\/index.php?rest_route=\/wp\/v2\/posts\/8636","targetHints":{"allow":["GET"]}}],"collection":[{"href":"https:\/\/www.semanariolocal.cl\/index.php?rest_route=\/wp\/v2\/posts"}],"about":[{"href":"https:\/\/www.semanariolocal.cl\/index.php?rest_route=\/wp\/v2\/types\/post"}],"author":[{"embeddable":true,"href":"https:\/\/www.semanariolocal.cl\/index.php?rest_route=\/wp\/v2\/users\/1"}],"replies":[{"embeddable":true,"href":"https:\/\/www.semanariolocal.cl\/index.php?rest_route=%2Fwp%2Fv2%2Fcomments&post=8636"}],"version-history":[{"count":1,"href":"https:\/\/www.semanariolocal.cl\/index.php?rest_route=\/wp\/v2\/posts\/8636\/revisions"}],"predecessor-version":[{"id":8638,"href":"https:\/\/www.semanariolocal.cl\/index.php?rest_route=\/wp\/v2\/posts\/8636\/revisions\/8638"}],"wp:featuredmedia":[{"embeddable":true,"href":"https:\/\/www.semanariolocal.cl\/index.php?rest_route=\/wp\/v2\/media\/8637"}],"wp:attachment":[{"href":"https:\/\/www.semanariolocal.cl\/index.php?rest_route=%2Fwp%2Fv2%2Fmedia&parent=8636"}],"wp:term":[{"taxonomy":"category","embeddable":true,"href":"https:\/\/www.semanariolocal.cl\/index.php?rest_route=%2Fwp%2Fv2%2Fcategories&post=8636"},{"taxonomy":"post_tag","embeddable":true,"href":"https:\/\/www.semanariolocal.cl\/index.php?rest_route=%2Fwp%2Fv2%2Ftags&post=8636"}],"curies":[{"name":"wp","href":"https:\/\/api.w.org\/{rel}","templated":true}]}}