{"id":8632,"date":"2022-10-09T11:20:00","date_gmt":"2022-10-09T14:20:00","guid":{"rendered":"https:\/\/www.semanariolocal.cl\/?p=8632"},"modified":"2022-10-10T21:13:12","modified_gmt":"2022-10-11T00:13:12","slug":"8632","status":"publish","type":"post","link":"https:\/\/www.semanariolocal.cl\/?p=8632","title":{"rendered":"Gobierno lanza programa para apoyar al sector acuicultura de peque\u00f1a escala"},"content":{"rendered":"\n<p>Con el objetivo de impulsar la reactivaci\u00f3n de las Micro y Peque\u00f1as Empresas (Mipes) acu\u00edcolas en la recuperaci\u00f3n de su potencial productivo y de su gesti\u00f3n, la Subsecretaria de Pesca y Acuicultura y Corfo lanzaron el \u201cPAR Chile Apoya Acuicultura de Peque\u00f1a Escala (APE)\u201d.<\/p>\n\n\n\n<p>La iniciativa apoyar\u00e1 empresas del sector a trav\u00e9s del financiamiento de proyectos individuales, que contemplen capacitaciones, planes de negocios, consultor\u00edas, asistencia t\u00e9cnica, capital de trabajo y\/o proyectos de inversi\u00f3n. Se realizar\u00e1 un&nbsp;<strong>primer llamado para empresas lideradas por mujeres<\/strong>&nbsp;el cual ya est\u00e1 abierto en&nbsp;<a href=\"http:\/\/www.corfo.cl\/\" target=\"_blank\" rel=\"noreferrer noopener\">www.corfo.cl<\/a>&nbsp;hasta que se reciban postulaciones que alcancen un 120% de los recursos disponibles.<\/p>\n\n\n\n<p>El segundo llamado estar\u00e1 disponible para&nbsp;<strong>todo postulante inscrito en el Registro de Acuicultura de Peque\u00f1a Escala en SERNAPESCA<\/strong>&nbsp;y se abrir\u00e1 una vez terminado el primer llamado.<\/p>\n\n\n\n<p>El director regional de Corfo Los Lagos Gabriel P\u00e9rez, se\u00f1al\u00f3 que \u201cuno de los desaf\u00edos del gobierno es mejorar el acceso a oportunidades a quienes desempe\u00f1an la acuicultura de peque\u00f1a escala como una alternativa productiva de las comunidades costeras y de la actividad de la pesca artesanal, hoy en el borde costero se abre a la posibilidad de desarrollar actividades sustentables con el medio ambiente que se vinculan con el&nbsp; cultivo de recursos hidrobiol\u00f3gicos realizada por micro y peque\u00f1as empresas que cultivan principalmente moluscos y algas, pero existe gran inter\u00e9s en aumentar la canasta acu\u00edcola, incorporando otras especies a futuro, es por esto que queremos invitar a las mipes lideradas por mujeres en primera instancia a conocer y acercarse y escribirnos a Corfo Los Lagos a conocer sobre este beneficio\u201d<\/p>\n\n\n\n<p>Julio Salas, Subsecretario de Pesca y Acuicultura destaca que \u201cla apertura de este PAR de Corfo es de gran importancia para promover el empuje de la acuicultura de peque\u00f1a escala a nivel nacional. Desde el Gobierno creemos que este sector tiene muchas oportunidades de desarrollo y producci\u00f3n sostenible, lo cual va de la mano con la implementaci\u00f3n y aplicaci\u00f3n del reglamento APE y otras normativas. Asimismo, agradecemos el dedicado y profesional trabajo interinstitucional para materializar estas iniciativas\u201d.<\/p>\n\n\n\n<p>Luis C\u00e1rdenas Mayorga, Seremi de Econom\u00eda Fomento y Turismo de la Regi\u00f3n de los Lagos, se\u00f1al\u00f3 que \u201c Nuestro Pa\u00eds y en especial nuestra regi\u00f3n debe avanzar hacia una mayor diversificaci\u00f3n productiva en la acuicultura, el compromiso de nuestro Gobierno es potenciar y apoyar la Acuicultura de Peque\u00f1a Escala como una actividad que comience a transitar hacia un modelo que nos permita incorporar nuevas especies y cultivos que sean sustentables y de esta forma impactar y dinamizar las actividades de nuestras comunidades costeras en la extensidad de nuestro territorio\u201d<\/p>\n\n\n\n<p>El instrumento PAR Chile Apoya tendr\u00e1 presencia en las 16 regiones del pa\u00eds y contempla aportes del Estado por $ 2.000 millones, beneficiando a m\u00e1s de 450 Mipes del sector.<\/p>\n\n\n\n<p>Corfo financiar\u00e1 el 100% de cada proyecto individual con un tope de hasta $4 millones de pesos.<\/p>\n\n\n\n<p><strong>Perfil beneficiario (a)<\/strong><\/p>\n\n\n\n<p>&#8211;&nbsp;&nbsp;&nbsp;&nbsp;&nbsp;&nbsp;&nbsp;&nbsp;&nbsp;&nbsp;&nbsp;&nbsp; Personas naturales o jur\u00eddicas inscritas en el Registro de Acuicultura de Peque\u00f1a Escala del SERNAPESCA.<\/p>\n\n\n\n<p>&#8211;&nbsp;&nbsp;&nbsp;&nbsp;&nbsp;&nbsp;&nbsp;&nbsp;&nbsp;&nbsp;&nbsp;&nbsp; Micro y peque\u00f1as empresas que deben acreditar ventas netas anuales en un rango superior a UF 0 hasta las UF 25.000 (Segmento MIPE).<\/p>\n\n\n\n<p>&#8211;&nbsp;&nbsp;&nbsp;&nbsp;&nbsp;&nbsp;&nbsp;&nbsp;&nbsp;&nbsp;&nbsp;&nbsp; Haber iniciado actividades ante el Servicio de Impuestos Internos (SII), al menos 1 a\u00f1o antes de la fecha de apertura de la respectiva convocatoria<\/p>\n\n\n\n<p>&#8211;&nbsp;&nbsp;&nbsp;&nbsp;&nbsp;&nbsp;&nbsp;&nbsp;&nbsp;&nbsp;&nbsp;&nbsp; Tributar en Primera Categor\u00eda.<\/p>\n\n\n\n<p><strong>Focalizaci\u00f3n<\/strong><\/p>\n\n\n\n<p>Zona Norte: Arica y Parinacota, Tarapac\u00e1, Antofagasta, Atacama, Coquimbo<\/p>\n\n\n\n<p>Zona Centro: Valpara\u00edso, O\u2019Higgins, Maule, \u00d1uble y Biob\u00edo<\/p>\n\n\n\n<p>Zona Sur: Araucan\u00eda, Los R\u00edos<\/p>\n\n\n\n<p>Zona Los Lagos: Los Lagos<\/p>\n\n\n\n<p>Zona Austral: Ays\u00e9n, Magallanes<\/p>\n\n\n\n<p>La convocatoria est\u00e1 disponible en la p\u00e1gina web de Corfo (<a href=\"http:\/\/www.corfo.cl\/\" target=\"_blank\" rel=\"noreferrer noopener\">www.corfo.cl<\/a>) y en el mismo sitio se podr\u00e1 encontrar m\u00e1s informaci\u00f3n del programa, los requisitos de postulaci\u00f3n y plazos, entre otros aspectos relevantes.<\/p>\n","protected":false},"excerpt":{"rendered":"<p>El instrumento tendr\u00e1 presencia en las 16 regiones del pa\u00eds y contempla aportes del Estado por $ 2.000 millones, espera beneficiar a m\u00e1s de 450 Mipes del sector y  Los Lagos es la regi\u00f3n con mayor cantidad de recursos disponibles.<\/p>\n","protected":false},"author":1,"featured_media":8633,"comment_status":"closed","ping_status":"closed","sticky":false,"template":"","format":"standard","meta":{"footnotes":""},"categories":[3,12,9],"tags":[],"class_list":["post-8632","post","type-post","status-publish","format-standard","has-post-thumbnail","hentry","category-al-dia","category-economia","category-gobierno"],"_links":{"self":[{"href":"https:\/\/www.semanariolocal.cl\/index.php?rest_route=\/wp\/v2\/posts\/8632","targetHints":{"allow":["GET"]}}],"collection":[{"href":"https:\/\/www.semanariolocal.cl\/index.php?rest_route=\/wp\/v2\/posts"}],"about":[{"href":"https:\/\/www.semanariolocal.cl\/index.php?rest_route=\/wp\/v2\/types\/post"}],"author":[{"embeddable":true,"href":"https:\/\/www.semanariolocal.cl\/index.php?rest_route=\/wp\/v2\/users\/1"}],"replies":[{"embeddable":true,"href":"https:\/\/www.semanariolocal.cl\/index.php?rest_route=%2Fwp%2Fv2%2Fcomments&post=8632"}],"version-history":[{"count":2,"href":"https:\/\/www.semanariolocal.cl\/index.php?rest_route=\/wp\/v2\/posts\/8632\/revisions"}],"predecessor-version":[{"id":8635,"href":"https:\/\/www.semanariolocal.cl\/index.php?rest_route=\/wp\/v2\/posts\/8632\/revisions\/8635"}],"wp:featuredmedia":[{"embeddable":true,"href":"https:\/\/www.semanariolocal.cl\/index.php?rest_route=\/wp\/v2\/media\/8633"}],"wp:attachment":[{"href":"https:\/\/www.semanariolocal.cl\/index.php?rest_route=%2Fwp%2Fv2%2Fmedia&parent=8632"}],"wp:term":[{"taxonomy":"category","embeddable":true,"href":"https:\/\/www.semanariolocal.cl\/index.php?rest_route=%2Fwp%2Fv2%2Fcategories&post=8632"},{"taxonomy":"post_tag","embeddable":true,"href":"https:\/\/www.semanariolocal.cl\/index.php?rest_route=%2Fwp%2Fv2%2Ftags&post=8632"}],"curies":[{"name":"wp","href":"https:\/\/api.w.org\/{rel}","templated":true}]}}