{"id":8629,"date":"2022-10-09T07:06:00","date_gmt":"2022-10-09T10:06:00","guid":{"rendered":"https:\/\/www.semanariolocal.cl\/?p=8629"},"modified":"2022-10-10T21:08:48","modified_gmt":"2022-10-11T00:08:48","slug":"santo-tomas-realiza-ciclo-de-charlas-para-mejorar-convivencia-escolar","status":"publish","type":"post","link":"https:\/\/www.semanariolocal.cl\/?p=8629","title":{"rendered":"Santo Tom\u00e1s realiza ciclo de charlas para mejorar convivencia escolar"},"content":{"rendered":"\n<p>Para colaborar en la prevenci\u00f3n del bullying y acoso escolar, estudiantes de Cl\u00ednica Jur\u00eddica de la carrera de Derecho de la Universidad Santo Tom\u00e1s Puerto Montt, junto a acad\u00e9micos y directivos de la sede visitaron el Colegio Domingo Santa Mar\u00eda, donde realizaron una charla informativa a 350 estudiantes de ocho cursos de s\u00e9ptimo y octavo b\u00e1sico del establecimiento Bicentenario.<\/p>\n\n\n\n<p>Esta actividad marca el inicio de este programa que busca replicarse en otros establecimientos educacionales de la zona y que es parte de la tarea de vinculaci\u00f3n con el medio que mantiene Santo Tom\u00e1s con la comunidad.<\/p>\n\n\n\n<p>Alberto Augsburger Bachmann, director acad\u00e9mico de la UST dijo al respecto \u201cestamos en el lanzamiento de una campa\u00f1a de convivencia escolar en la cual como instituci\u00f3n nos vinculamos con establecimientos educacionales para apoyarles en enfrentar una tem\u00e1tica que hoy por hoy nos afecta a toda la sociedad, que es el trabajo de mejorar y fortalecer la convivencia escolar y resolver problemas de violencia, esa es nuestra misi\u00f3n. Estamos muy contentos de poder iniciar este programa en el Domingo Santa Mar\u00eda, un colegio para nosotros muy cercano\u201d.<\/p>\n\n\n\n<p>Los estudiantes David Barr\u00eda Barr\u00eda, Daniela Vargas Soto, Janet Tejeda Chavol y Johanna Cabrera Acevedo, junto al docente Manas\u00e9s Huenuqueo \u00c1guila, bajo el eslogan \u201cContagiemos las cosas buenas\u201d entregaron informaci\u00f3n pertinente y tips que sirvan en la prevenci\u00f3n o tratamiento de episodios de acoso escolar, ciber acoso, grooming, bullying o de conductas de riesgo de menores de edad en el internet.<\/p>\n\n\n\n<p>Margarita Campillay Caro, directora de la carrera de Derecho de Santo Tom\u00e1s explic\u00f3 la importancia de este tipo de iniciativas. \u201cQueremos llegar a varios liceos y colegios a trav\u00e9s del ciclo de charla orientadas a mejorar la convivencia escolar dada la realidad actual donde nos vemos un poco presionados por el estr\u00e9s de la vida diaria. Estamos muy contentos de participar en este programa que fomenta la buena convivencia escolar y que se ejecutar\u00e1 en el Colegio Domingo Santa Mar\u00eda a trav\u00e9s de cuatro charlas enfocadas principalmente a redes sociales, prevenci\u00f3n de la violencia entre pares y la violencia en el pololeo. Tambi\u00e9n se ejecutar\u00e1 una con apoderados del colegio la cual vamos a tratar la violencia intrafamiliar y la responsabilidad penal adolescente\u201d, sostuvo.<\/p>\n\n\n\n<p>Para Pablo D\u00edaz Alarc\u00f3n, director del Colegio Domingo Santa Mar\u00eda siempre es oportuna y necesaria la vinculaci\u00f3n con entidades de Educaci\u00f3n Superior para \u201cfortalecer en nuestros alumnos la continuidad de estudios y porque esta ayuda que nos facilitan hace que nuestros ni\u00f1os vuelvan a tener esa confianza en la instituci\u00f3n, de esa manera la cuidan, la protegen y respetan a sus compa\u00f1eros porque pasa mucho que donde estamos permanentemente enfoc\u00e1ndonos en los mismos temas, a veces no nos creen, pero cuando vienen voces externas y le reafirman lo que ya le dijimos, ellos confirman que lo que hemos dicho es la realidad\u201d.<\/p>\n\n\n\n<p>Las charlas est\u00e1n enfocadas a estudiantes de s\u00e9ptimo b\u00e1sico a cuarto medio y buscan mejorar la convivencia escolar, pero tambi\u00e9n frenar conductas de riesgo, prevenir el bullying y sus consecuencias.<\/p>\n","protected":false},"excerpt":{"rendered":"<p>Adem\u00e1s de ver temas como bullying, grooming, conductas de riesgo en el internet, se hablar\u00e1 de violencia en el pololeo, responsabilidad penal adolescente y VIF. <\/p>\n","protected":false},"author":1,"featured_media":8630,"comment_status":"closed","ping_status":"closed","sticky":false,"template":"","format":"standard","meta":{"footnotes":""},"categories":[11],"tags":[],"class_list":["post-8629","post","type-post","status-publish","format-standard","has-post-thumbnail","hentry","category-educacion"],"_links":{"self":[{"href":"https:\/\/www.semanariolocal.cl\/index.php?rest_route=\/wp\/v2\/posts\/8629","targetHints":{"allow":["GET"]}}],"collection":[{"href":"https:\/\/www.semanariolocal.cl\/index.php?rest_route=\/wp\/v2\/posts"}],"about":[{"href":"https:\/\/www.semanariolocal.cl\/index.php?rest_route=\/wp\/v2\/types\/post"}],"author":[{"embeddable":true,"href":"https:\/\/www.semanariolocal.cl\/index.php?rest_route=\/wp\/v2\/users\/1"}],"replies":[{"embeddable":true,"href":"https:\/\/www.semanariolocal.cl\/index.php?rest_route=%2Fwp%2Fv2%2Fcomments&post=8629"}],"version-history":[{"count":1,"href":"https:\/\/www.semanariolocal.cl\/index.php?rest_route=\/wp\/v2\/posts\/8629\/revisions"}],"predecessor-version":[{"id":8631,"href":"https:\/\/www.semanariolocal.cl\/index.php?rest_route=\/wp\/v2\/posts\/8629\/revisions\/8631"}],"wp:featuredmedia":[{"embeddable":true,"href":"https:\/\/www.semanariolocal.cl\/index.php?rest_route=\/wp\/v2\/media\/8630"}],"wp:attachment":[{"href":"https:\/\/www.semanariolocal.cl\/index.php?rest_route=%2Fwp%2Fv2%2Fmedia&parent=8629"}],"wp:term":[{"taxonomy":"category","embeddable":true,"href":"https:\/\/www.semanariolocal.cl\/index.php?rest_route=%2Fwp%2Fv2%2Fcategories&post=8629"},{"taxonomy":"post_tag","embeddable":true,"href":"https:\/\/www.semanariolocal.cl\/index.php?rest_route=%2Fwp%2Fv2%2Ftags&post=8629"}],"curies":[{"name":"wp","href":"https:\/\/api.w.org\/{rel}","templated":true}]}}