{"id":8618,"date":"2022-10-10T15:00:00","date_gmt":"2022-10-10T18:00:00","guid":{"rendered":"https:\/\/www.semanariolocal.cl\/?p=8618"},"modified":"2022-10-10T18:38:21","modified_gmt":"2022-10-10T21:38:21","slug":"ministerio-de-transportes-suma-mas-de-11-mil-fiscalizaciones-en-la-region-de-los-lagos","status":"publish","type":"post","link":"https:\/\/www.semanariolocal.cl\/?p=8618","title":{"rendered":"Ministerio de Transportes suma m\u00e1s de 11 mil fiscalizaciones en la Regi\u00f3n de Los Lagos"},"content":{"rendered":"\n<p>Un trabajo enfocado en el combate contra la informalidad y la mala utilizaci\u00f3n de subsidios estatales destinados al fortalecimiento del transporte p\u00fablico que algunos propietarios de m\u00e1quinas estar\u00edan realizando, son parte de los lineamientos contemplados por el Programa Nacional de Fiscalizaci\u00f3n de Transportes en la Regi\u00f3n de Los Lagos.<\/p>\n\n\n\n<p>Seg\u00fan cifras oficiales, este a\u00f1o los inspectores del equipo de Fiscalizaci\u00f3n del MTT en la zona han incrementado en un 18% el n\u00famero de controles realizados a diferentes tipos de veh\u00edculos, en comparaci\u00f3n con el mismo per\u00edodo del 2021, los que han estado orientados en el funcionamiento de buses rurales y urbanos, el transporte de carga y la detecci\u00f3n del transporte informal.<\/p>\n\n\n\n<p>As\u00ed lo se\u00f1al\u00f3 el Jefe Nacional del Programa de Fiscalizaci\u00f3n del Ministerio de Transportes, <strong>\u00d3scar Carrasco<\/strong>, de visita en la regi\u00f3n, en donde sostuvo una &nbsp;serie de reuniones de trabajo, y acompa\u00f1\u00f3 en sus labores a los inspectores regionales en 2 operativos: en la Tenencia de Carreteras Llanquihue y en la intersecci\u00f3n de las calles Ega\u00f1a con Illapel, en la comuna de Puerto Montt.<\/p>\n\n\n\n<p>\u201cHemos conversado con el seremi respecto a &nbsp;incorporar ciertos focos en&nbsp; el Programa Nacional de Fiscalizaci\u00f3n para la capital regional y las distintas comunas, particularmente en lo referente a informalidad, mayor foco hacia los subsidios de transporte que entregamos, particularmente al transporte rural y avanzar gradualmente en mejorar la articulaci\u00f3n con los inspectores municipales\u201d.<\/p>\n\n\n\n<p>El seremi de Transportes y Telecomunicaciones, <strong>Pablo Joost<\/strong>, en tanto,&nbsp; agreg\u00f3 que poco a poco la secretar\u00eda regional ha ido logrando la incorporaci\u00f3n de una mirada local al Plan Nacional de Fiscalizaci\u00f3n.<\/p>\n\n\n\n<p>\u201cSe est\u00e1n abordando problem\u00e1ticas que nos han planteado los gremios y las distintas organizaciones vecinales, porque entendemos que las mejoras en el transporte p\u00fablico van de la mano con una adecuada fiscalizaci\u00f3n; muchas veces punitiva, pero tambi\u00e9n disuasiva hacia los conductores del transporte p\u00fablico y tambi\u00e9n de los veh\u00edculos particulares\u201d.<\/p>\n\n\n\n<p>Joost, adem\u00e1s se\u00f1al\u00f3 que hoy existe una serie de herramientas de ley que permiten avanzar en mejorar la fiscalizaci\u00f3n \u201cpara evitar el uso del tel\u00e9fono m\u00f3vil al momento de conducir y sancionar adecuadamente las velocidades excesivas; recientemente se acaba de publicar una ley que tipifica las velocidades temerarias, por ejemplo\u201d.<\/p>\n\n\n\n<p>\u201cY todas estas nuevas herramientas permiten que los equipos puedan tener un mejor desempe\u00f1o, ampliando ciertas facultades, porque lo que finalmente se busca es incrementar la seguridad para los conductores, para los ciclistas, para los peatones y para todos quienes utilizan otros medios de movilizaci\u00f3n\u201d.<\/p>\n\n\n\n<p>En lo que va del a\u00f1o el balance en la regi\u00f3n supera los 11 mil controles, contabilizando 2115 infracciones, entre las cuales destacan como principales multas: la circulaci\u00f3n de veh\u00edculos particulares en la v\u00eda exclusiva para el transporte p\u00fablico, (en la comuna de Osorno), problemas relacionados con neum\u00e1ticos y la informalidad en el transporte.<\/p>\n","protected":false},"excerpt":{"rendered":"<p>Un trabajo enfocado en el combate contra la informalidad y la mala utilizaci\u00f3n de subsidios estatales destinados al fortalecimiento del transporte p\u00fablico que algunos propietarios de m\u00e1quinas estar\u00edan realizando, son parte de los lineamientos contemplados por el Programa Nacional de Fiscalizaci\u00f3n de Transportes en la Regi\u00f3n de Los Lagos. Seg\u00fan cifras oficiales, este a\u00f1o los&#8230;<a class=\"btnReadMore\" href=\"https:\/\/www.semanariolocal.cl\/?p=8618\"> Leer M\u00e1s<\/a><\/p>\n","protected":false},"author":1,"featured_media":8619,"comment_status":"closed","ping_status":"closed","sticky":false,"template":"","format":"standard","meta":{"footnotes":""},"categories":[3],"tags":[],"class_list":["post-8618","post","type-post","status-publish","format-standard","has-post-thumbnail","hentry","category-al-dia"],"_links":{"self":[{"href":"https:\/\/www.semanariolocal.cl\/index.php?rest_route=\/wp\/v2\/posts\/8618","targetHints":{"allow":["GET"]}}],"collection":[{"href":"https:\/\/www.semanariolocal.cl\/index.php?rest_route=\/wp\/v2\/posts"}],"about":[{"href":"https:\/\/www.semanariolocal.cl\/index.php?rest_route=\/wp\/v2\/types\/post"}],"author":[{"embeddable":true,"href":"https:\/\/www.semanariolocal.cl\/index.php?rest_route=\/wp\/v2\/users\/1"}],"replies":[{"embeddable":true,"href":"https:\/\/www.semanariolocal.cl\/index.php?rest_route=%2Fwp%2Fv2%2Fcomments&post=8618"}],"version-history":[{"count":2,"href":"https:\/\/www.semanariolocal.cl\/index.php?rest_route=\/wp\/v2\/posts\/8618\/revisions"}],"predecessor-version":[{"id":8621,"href":"https:\/\/www.semanariolocal.cl\/index.php?rest_route=\/wp\/v2\/posts\/8618\/revisions\/8621"}],"wp:featuredmedia":[{"embeddable":true,"href":"https:\/\/www.semanariolocal.cl\/index.php?rest_route=\/wp\/v2\/media\/8619"}],"wp:attachment":[{"href":"https:\/\/www.semanariolocal.cl\/index.php?rest_route=%2Fwp%2Fv2%2Fmedia&parent=8618"}],"wp:term":[{"taxonomy":"category","embeddable":true,"href":"https:\/\/www.semanariolocal.cl\/index.php?rest_route=%2Fwp%2Fv2%2Fcategories&post=8618"},{"taxonomy":"post_tag","embeddable":true,"href":"https:\/\/www.semanariolocal.cl\/index.php?rest_route=%2Fwp%2Fv2%2Ftags&post=8618"}],"curies":[{"name":"wp","href":"https:\/\/api.w.org\/{rel}","templated":true}]}}