{"id":8615,"date":"2022-10-10T18:31:26","date_gmt":"2022-10-10T21:31:26","guid":{"rendered":"https:\/\/www.semanariolocal.cl\/?p=8615"},"modified":"2022-10-10T18:31:27","modified_gmt":"2022-10-10T21:31:27","slug":"anuncian-proyecto-de-ley-que-reconoce-a-los-animales-como-seres-sintientes","status":"publish","type":"post","link":"https:\/\/www.semanariolocal.cl\/?p=8615","title":{"rendered":"Anuncian proyecto de ley que reconoce a los Animales como seres sintientes"},"content":{"rendered":"\n<p>La moci\u00f3n le otorga al Estado un rol fundamental, en cu\u00e1nto a promover el respeto, protecci\u00f3n y garantizar la dignidad de los animales, endureciendo penas, entregando mayor fiscalizaci\u00f3n y un rol activo en el control y cuidado de perros callejeros, en situaci\u00f3n de abandono o explotaci\u00f3n animal. Esto, a trav\u00e9s de la creaci\u00f3n de los \u201ccaniles p\u00fablicos provinciales\u201d, a cargo de las Gobernaciones regionales y del deber que tendr\u00e1n de interponer acciones destinadas a perseguir la responsabilidad de quienes maltraten, violenten o da\u00f1en de cualquier forma a estos seres sintientes, que son nuestras mascotas. Finalmente, crea el&nbsp;Registro&nbsp;Nacional de Maltratadores de animales.<\/p>\n\n\n\n<p>Al respecto la vocera de la Fundaci\u00f3n Ayuda Callejeros, Denisse Malebr\u00e1n, se\u00f1al\u00f3 que \u201ctodos hemos sido testigos en el \u00faltimo tiempo de casos dur\u00edsimos de maltrato animal, donde queda en evidencia lo insuficiente que se hace la ley cholito&nbsp;porque&nbsp;son finalmente las organizaciones, fundaciones, ONG, juntas, vecinales, vecinos, que finalmente se hacen cargo de todos los animales dom\u00e9sticos que quedan abandonados en las v\u00edas p\u00fablicas del pa\u00eds\u201d.<\/p>\n\n\n\n<p>\u201cSentimos que es importante que se sensibilice la clase pol\u00edtica, pero por sobre todo que se ponga urgencia en poder modificar esta ley para poder otorgar mayores garant\u00edas para ellos y tambi\u00e9n resguardarlos de futuros maltratadores, por eso que tambi\u00e9n queremos proponer el que se cree una n\u00f3mina de maltratadores\u201d.<\/p>\n\n\n\n<p>Por su parte, el Diputado por el distrito 12, \u00c1lvaro Carter explic\u00f3 que \u201ces muy importante que nosotros los parlamentarios escuchemos a la sociedad civil,&nbsp;porque&nbsp;en este caso son ellos los que se hacen&nbsp;cargo de los animales maltratados y abandonados, el Estado en su conjunto lamentablemente est\u00e1 ausente en est\u00e1 tarea. Por lo mismo, hemos presentado este proyecto de ley que es bastante ambicioso, pero que sin duda nos permitir\u00e1 robustecer la legislaci\u00f3n actual, otorg\u00e1ndole al estado un rol protag\u00f3nico en la promoci\u00f3n del respeto, la protecci\u00f3n y garantizar la dignidad de los animales\u201d, concluy\u00f3.<\/p>\n","protected":false},"excerpt":{"rendered":"<p>El Diputado \u00c1lvaro Carter junto a la Fundaci\u00f3n Ayuda Callejeros buscan modificar diversos cuerpos legales, con el fin de hacer m\u00e1s eficiente la legislaci\u00f3n en la materia proponiendo terminar con la cosificaci\u00f3n de los animales.<\/p>\n","protected":false},"author":1,"featured_media":8616,"comment_status":"closed","ping_status":"closed","sticky":false,"template":"","format":"standard","meta":{"footnotes":""},"categories":[3,6],"tags":[],"class_list":["post-8615","post","type-post","status-publish","format-standard","has-post-thumbnail","hentry","category-al-dia","category-politica"],"_links":{"self":[{"href":"https:\/\/www.semanariolocal.cl\/index.php?rest_route=\/wp\/v2\/posts\/8615","targetHints":{"allow":["GET"]}}],"collection":[{"href":"https:\/\/www.semanariolocal.cl\/index.php?rest_route=\/wp\/v2\/posts"}],"about":[{"href":"https:\/\/www.semanariolocal.cl\/index.php?rest_route=\/wp\/v2\/types\/post"}],"author":[{"embeddable":true,"href":"https:\/\/www.semanariolocal.cl\/index.php?rest_route=\/wp\/v2\/users\/1"}],"replies":[{"embeddable":true,"href":"https:\/\/www.semanariolocal.cl\/index.php?rest_route=%2Fwp%2Fv2%2Fcomments&post=8615"}],"version-history":[{"count":1,"href":"https:\/\/www.semanariolocal.cl\/index.php?rest_route=\/wp\/v2\/posts\/8615\/revisions"}],"predecessor-version":[{"id":8617,"href":"https:\/\/www.semanariolocal.cl\/index.php?rest_route=\/wp\/v2\/posts\/8615\/revisions\/8617"}],"wp:featuredmedia":[{"embeddable":true,"href":"https:\/\/www.semanariolocal.cl\/index.php?rest_route=\/wp\/v2\/media\/8616"}],"wp:attachment":[{"href":"https:\/\/www.semanariolocal.cl\/index.php?rest_route=%2Fwp%2Fv2%2Fmedia&parent=8615"}],"wp:term":[{"taxonomy":"category","embeddable":true,"href":"https:\/\/www.semanariolocal.cl\/index.php?rest_route=%2Fwp%2Fv2%2Fcategories&post=8615"},{"taxonomy":"post_tag","embeddable":true,"href":"https:\/\/www.semanariolocal.cl\/index.php?rest_route=%2Fwp%2Fv2%2Ftags&post=8615"}],"curies":[{"name":"wp","href":"https:\/\/api.w.org\/{rel}","templated":true}]}}