{"id":8606,"date":"2022-10-10T17:13:00","date_gmt":"2022-10-10T20:13:00","guid":{"rendered":"https:\/\/www.semanariolocal.cl\/?p=8606"},"modified":"2022-10-10T18:16:50","modified_gmt":"2022-10-10T21:16:50","slug":"ipsos-salud-mental-es-el-principal-problema-sanitario-para-los-chilenos","status":"publish","type":"post","link":"https:\/\/www.semanariolocal.cl\/?p=8606","title":{"rendered":"IPSOS: Salud mental es el principal problema sanitario para los chilenos"},"content":{"rendered":"\n<p>La empresa de an\u00e1lisis de mercado Ipsos dio a conocer su m\u00e1s reciente estudio titulado \u201cD\u00eda Mundial de la Salud Mental 2022\u201d, en alusi\u00f3n a la fecha conmemorativa que se celebra el 10 de octubre. Para realizar este informe se consult\u00f3 la percepci\u00f3n de m\u00e1s de 23.500 personas pertenecientes a 34 pa\u00edses.<\/p>\n\n\n\n<p>Un 62% de las personas consultadas en Chile considera que la salud mental es el mayor problema sanitario del pa\u00eds, muy por encima del promedio global (36%). Adem\u00e1s, en el pa\u00eds la salud mental supera ampliamente al Coronavirus como problema de salud, el que queda relegado a un segundo lugar con 39% de elecciones. Mientras que en el resto del mundo, un 47% nombr\u00f3 al coronavirus, el 34% al c\u00e1ncer y el 26% al estr\u00e9s como las mayores dificultades con las que lidian los ciudadanos.<\/p>\n\n\n\n<p>\u201c<em>La preocupaci\u00f3n por la salud mental ha aumentado en el tiempo a nivel global. Pero en el caso de Chile la percepci\u00f3n de la salud mental como un problema importante no solo es m\u00e1s alta que en el promedio de los pa\u00edses estudiados, sino que ha escalado muy r\u00e1pidamente: nuestros datos indican que en el a\u00f1o 2020 eran el 50% quienes la mencionan, mientras que en el 2022 esa cifra aument\u00f3 hasta 62%. Gran parte de esta percepci\u00f3n se explica por la constante incertidumbre que hemos vivido en los \u00faltimos a\u00f1os, primero con una crisis social que desencaden\u00f3 importantes cambios en el pa\u00eds y luego con la pandemia que implic\u00f3 enfrentarse al riesgo del contagio y sus consecuencias y que nos llev\u00f3 a aplicar dr\u00e1sticas modificaciones en nuestros estilos de vida en corto tiempo. Y en la actualidad se agrega la crisis econ\u00f3mica y el proceso inflacionario que afecta a la calidad de vida y nos sigue manteniendo en incertidumbre<\/em>\u201d, comenta Alejandra Ojeda, Gerenta de Estudios P\u00fablicos de Ipsos Chile.<\/p>\n\n\n\n<p>El estudio tambi\u00e9n arroj\u00f3 que el 65% de las y los chilenos piensa muy o bastante a menudo en su propio bienestar mental. Mientras que en relaci\u00f3n a la salud f\u00edsica, el 73% reflexiona con la misma frecuencia sobre este tema. Los pa\u00edses donde las personas est\u00e1n reflexionando con mayor frecuencia sobre su salud mental son Portugal (82%), Brasil (76%) y Sud\u00e1frica (75%).<\/p>\n\n\n\n<p>El estudio concluye que a nivel mundial las mujeres y las personas menores de 35 a\u00f1os son los dos segmentos que m\u00e1s reflexionan sobre su salud mental, con 62% y 65% respectivamente de personas pensando muy o bastante a menudo sobre su propia salud mental.<\/p>\n\n\n\n<p>Adem\u00e1s el estudio indica que el 86% de las personas consultadas en Chile considera que la salud mental es tan importante como la salud f\u00edsica, mientras que s\u00f3lo un 11% cree que es m\u00e1s importante y un 3% que es menos importante. La cifra es m\u00e1s alta en Chile que en el resultado global, donde el 76% de las personas consultadas sostiene que la salud emocional es tan importante como la f\u00edsica.<\/p>\n\n\n\n<p>Pero, cuando se trata del sistema de salud en el pa\u00eds, 42% de las y los chilenos cree que el sistema de salud releva m\u00e1s la salud f\u00edsica; 13% opina que se le da m\u00e1s importancia a la salud mental, y 27% piensa que se le da a ambas igual consideraci\u00f3n. Esta \u00faltima cifra contrasta con el 33% a nivel mundial que cree que el sistema de salud de su pa\u00eds le asigna igual importancia a la salud f\u00edsica y a la mental. Los pa\u00edses donde se observa mayor equidad en consideraci\u00f3n de ambos tipos de salud corresponden a pa\u00edses asi\u00e1ticos: China (65%), Malasia (60%) y Tailandia (53%).<\/p>\n\n\n\n<p>En Chile, en el \u00faltimo a\u00f1o 41% de las personas consultadas indicaron haberse sentido estresadas hasta el punto de no poder lidiar con sus problemas, 38% declar\u00f3 que el estr\u00e9s hab\u00eda tenido un impacto en su vida diaria, 37% afirm\u00f3 sentirse deprimidas al nivel de estar triste o sin esperanza todos los d\u00edas por un par de semanas y 23% indic\u00f3 haber sentido estr\u00e9s al punto de no poder ir a trabajar por un per\u00edodo de tiempo. Todas las cifras corresponden a quienes indicaron que esto hab\u00eda ocurrido varias veces en el \u00faltimo a\u00f1o.<\/p>\n\n\n\n<p>Los resultados de pa\u00eds se encuentran por encima del promedio global de 31% de personas estresadas hasta el punto de no poder lidiar con sus problemas, 34% que declara que el estr\u00e9s hab\u00eda tenido impacto en su vida diaria, 27% que se sinti\u00f3 deprimido al nivel de estar triste o sin esperanza todos los d\u00edas por un par de semanas y 18% que indic\u00f3 no poder haber ido a trabajar por un per\u00edodo de tiempo producto del estr\u00e9s.<\/p>\n\n\n\n<p>Y 10% de las personas consultadas reconoci\u00f3 haber pensado seriamente en suicidarse o autolesionarse, cifra que s\u00ed se encuentra en el promedio global que alcanz\u00f3 a 11%.<\/p>\n\n\n\n<p>Por otra parte, Chile es uno de los pa\u00edses donde m\u00e1s se toman acciones relacionadas con la salud mental: 39% indica haber hablado con amigos o familiares sobre problemas y preocupaciones de salud mental, 32% consumi\u00f3 un medicamento para ayudarse con su salud mental y 26% habl\u00f3 con un especialista en salud mental.<\/p>\n\n\n\n<p>\u201c<em>As\u00ed como se observa en Chile una mayor preocupaci\u00f3n por la salud mental como un problema relevante de salud, tambi\u00e9n se observa una mayor tendencia a la acci\u00f3n por sobre el promedio global. Nos encontramos entre los pa\u00edses que m\u00e1s han consultado a un especialista en la materia y tambi\u00e9n entre los que m\u00e1s personas indican haber tomado alg\u00fan medicamento para ayudarse en materia de salud mental. No obstante, la cifra de consulta a profesionales, que alcanza a 26% en Chile, es una cifra baja en relaci\u00f3n a la cantidad de personas que se reporta con cuadros de estr\u00e9s, ansiedad o depresi\u00f3n, la que est\u00e1 en torno al 40%<\/em>\u201d comenta Alejandra Ojeda, Gerenta de Estudios P\u00fablicos de Ipsos Chile.<\/p>\n","protected":false},"excerpt":{"rendered":"<p>La empresa de an\u00e1lisis de mercado Ipsos dio a conocer su m\u00e1s reciente estudio titulado \u201cD\u00eda Mundial de la Salud Mental 2022\u201d, en alusi\u00f3n a la fecha conmemorativa que se celebra el 10 de octubre. Para realizar este informe se consult\u00f3 la percepci\u00f3n de m\u00e1s de 23.500 personas pertenecientes a 34 pa\u00edses.<\/p>\n","protected":false},"author":1,"featured_media":8607,"comment_status":"closed","ping_status":"closed","sticky":false,"template":"","format":"standard","meta":{"footnotes":""},"categories":[3],"tags":[],"class_list":["post-8606","post","type-post","status-publish","format-standard","has-post-thumbnail","hentry","category-al-dia"],"_links":{"self":[{"href":"https:\/\/www.semanariolocal.cl\/index.php?rest_route=\/wp\/v2\/posts\/8606","targetHints":{"allow":["GET"]}}],"collection":[{"href":"https:\/\/www.semanariolocal.cl\/index.php?rest_route=\/wp\/v2\/posts"}],"about":[{"href":"https:\/\/www.semanariolocal.cl\/index.php?rest_route=\/wp\/v2\/types\/post"}],"author":[{"embeddable":true,"href":"https:\/\/www.semanariolocal.cl\/index.php?rest_route=\/wp\/v2\/users\/1"}],"replies":[{"embeddable":true,"href":"https:\/\/www.semanariolocal.cl\/index.php?rest_route=%2Fwp%2Fv2%2Fcomments&post=8606"}],"version-history":[{"count":1,"href":"https:\/\/www.semanariolocal.cl\/index.php?rest_route=\/wp\/v2\/posts\/8606\/revisions"}],"predecessor-version":[{"id":8608,"href":"https:\/\/www.semanariolocal.cl\/index.php?rest_route=\/wp\/v2\/posts\/8606\/revisions\/8608"}],"wp:featuredmedia":[{"embeddable":true,"href":"https:\/\/www.semanariolocal.cl\/index.php?rest_route=\/wp\/v2\/media\/8607"}],"wp:attachment":[{"href":"https:\/\/www.semanariolocal.cl\/index.php?rest_route=%2Fwp%2Fv2%2Fmedia&parent=8606"}],"wp:term":[{"taxonomy":"category","embeddable":true,"href":"https:\/\/www.semanariolocal.cl\/index.php?rest_route=%2Fwp%2Fv2%2Fcategories&post=8606"},{"taxonomy":"post_tag","embeddable":true,"href":"https:\/\/www.semanariolocal.cl\/index.php?rest_route=%2Fwp%2Fv2%2Ftags&post=8606"}],"curies":[{"name":"wp","href":"https:\/\/api.w.org\/{rel}","templated":true}]}}