{"id":8603,"date":"2022-10-10T18:12:58","date_gmt":"2022-10-10T21:12:58","guid":{"rendered":"https:\/\/www.semanariolocal.cl\/?p=8603"},"modified":"2022-10-10T18:12:59","modified_gmt":"2022-10-10T21:12:59","slug":"pucv-abre-inscripciones-para-16-cursos-online-gratuitos","status":"publish","type":"post","link":"https:\/\/www.semanariolocal.cl\/?p=8603","title":{"rendered":"PUCV abre inscripciones para 16 cursos online gratuitos"},"content":{"rendered":"\n<p>La Pontificia Universidad Cat\u00f3lica de Valpara\u00edso est\u00e1 invitando a participar en la 12\u00aa versi\u00f3n de PUCV Abierta, iniciativa que ofrece cursos online, masivos y gratuitos y que impulsa la Vicerrector\u00eda Acad\u00e9mica desde 2017. Para esta ocasi\u00f3n, son 16 cursos virtuales de diversas tem\u00e1ticas que estar\u00e1n disponibles entre el 17 de octubre y el 27 de noviembre.<\/p>\n\n\n\n<p>Nicol\u00e1s Alonso, coordinador de PUCV Abierta, detall\u00f3 que, para esta temporada \u201cpretendemos consolidar el camino hasta ahora desarrollado con la iniciativa, que recordemos, pone a disposici\u00f3n de todo el mundo cursos gratuitos hechos por profesores y profesoras de la PUCV, sobre tem\u00e1ticas actuales, trabajadas con profundidad, pero al mismo tiempo con un abordaje que permite a todos y todas participar y aprender\u201d.<\/p>\n\n\n\n<p>La presente edici\u00f3n de PUCV Abierta tendr\u00e1 sus<strong>&nbsp;inscripciones disponibles hasta el pr\u00f3ximo 17 de octubre<\/strong>, a trav\u00e9s de&nbsp;<a href=\"http:\/\/abierta.pucv.cl\/wordpress\/\" target=\"_blank\" rel=\"noreferrer noopener\"><strong>pucvabierta.cl<\/strong><\/a>, o se puede escribir a&nbsp;<a href=\"mailto:pucvabierta@pucv.cl\" target=\"_blank\" rel=\"noreferrer noopener\"><strong>pucvabierta@pucv.cl<\/strong><\/a>&nbsp;en caso de consultas.<\/p>\n\n\n\n<p>Esta iniciativa potencia el rol social de la Universidad, expandiendo el saber por medio de la tecnolog\u00eda para todos y todas quienes quieran desarrollar y profundizar sus conocimientos y habilidades en las m\u00e1s variadas disciplinas que, a su vez, contienen diversas dimensiones del Modelo Educativo institucional.&nbsp;<\/p>\n\n\n\n<p>Como es habitual, cada formaci\u00f3n responde a una categor\u00eda, que se dividen en&nbsp;<strong>Medio ambiente y Sostenibilidad<\/strong>;&nbsp;<strong>Arte y Cultura<\/strong>;&nbsp;<strong>Educaci\u00f3n<\/strong>; y&nbsp;<strong>Econom\u00eda y Sociedad<\/strong>. Revisa a continuaci\u00f3n el listado completo:<\/p>\n\n\n\n<p>&#8211;&nbsp;&nbsp;&nbsp;&nbsp;&nbsp;&nbsp;&nbsp;&nbsp;&nbsp;&nbsp;\u00bfC\u00f3mo ver una obra de arte? \u2013 Instituto de Arte<\/p>\n\n\n\n<p>&#8211;&nbsp;&nbsp;&nbsp;&nbsp;&nbsp;&nbsp;&nbsp;&nbsp;&nbsp;&nbsp;Bio\u00e9tica medioambiental \u2013 Instituto de Ciencias Religiosas<\/p>\n\n\n\n<p>&#8211;&nbsp;&nbsp;&nbsp;&nbsp;&nbsp;&nbsp;&nbsp;&nbsp;&nbsp;&nbsp;Alfabetizaci\u00f3n cient\u00edfica: ciencia para todos \u2013 Facultad de Ciencias<\/p>\n\n\n\n<p>&#8211;&nbsp;&nbsp;&nbsp;&nbsp;&nbsp;&nbsp;&nbsp;&nbsp;&nbsp;&nbsp;Profesor del siglo XXI \u2013 Escuela de Pedagog\u00eda<\/p>\n\n\n\n<p>&#8211;&nbsp;&nbsp;&nbsp;&nbsp;&nbsp;&nbsp;&nbsp;&nbsp;&nbsp;&nbsp;\u00bfC\u00f3mo dise\u00f1ar un plan de comunicaci\u00f3n pol\u00edtica? \u2013 Escuela de Periodismo<\/p>\n\n\n\n<p>&#8211;&nbsp;&nbsp;&nbsp;&nbsp;&nbsp;&nbsp;&nbsp;&nbsp;&nbsp;&nbsp;Uso del tel\u00e9fono inteligente en el aprendizaje \u2013 Centro Costa Digital<\/p>\n\n\n\n<p>&#8211;&nbsp;&nbsp;&nbsp;&nbsp;&nbsp;&nbsp;&nbsp;&nbsp;&nbsp;&nbsp;Ciencia y ciencia ficci\u00f3n \u2013 Instituto de F\u00edsica<\/p>\n\n\n\n<p>&#8211;&nbsp;&nbsp;&nbsp;&nbsp;&nbsp;&nbsp;&nbsp;&nbsp;&nbsp;&nbsp;Ser ciudadano hoy \u2013 Instituto de Historia<\/p>\n\n\n\n<p>&#8211;&nbsp;&nbsp;&nbsp;&nbsp;&nbsp;&nbsp;&nbsp;&nbsp;&nbsp;&nbsp;Visi\u00f3n cristiana de la persona humana \u2013 Instituto de Ciencias Religiosas<\/p>\n\n\n\n<p>&#8211;&nbsp;&nbsp;&nbsp;&nbsp;&nbsp;&nbsp;&nbsp;&nbsp;&nbsp;&nbsp;Iniciando un emprendimiento de alto impacto \u2013 Facultad de Ingenier\u00eda<\/p>\n\n\n\n<p>&#8211;&nbsp;&nbsp;&nbsp;&nbsp;&nbsp;&nbsp;&nbsp;&nbsp;&nbsp;&nbsp;Negociaci\u00f3n y Resoluci\u00f3n de conflictos \u2013 Escuela de Ingenier\u00eda Comercial<\/p>\n\n\n\n<p>&#8211;&nbsp;&nbsp;&nbsp;&nbsp;&nbsp;&nbsp;&nbsp;&nbsp;&nbsp;&nbsp;Comuniquemos el Cambio Clim\u00e1tico \u2013 Escuela de Periodismo<\/p>\n\n\n\n<p>&#8211;&nbsp;&nbsp;&nbsp;&nbsp;&nbsp;&nbsp;&nbsp;&nbsp;&nbsp;&nbsp;Agentes de cambio para las comunidades sostenibles \u2013 (DGVM \u2013 PUCV Sostenible)<\/p>\n\n\n\n<p>&#8211;&nbsp;&nbsp;&nbsp;&nbsp;&nbsp;&nbsp;&nbsp;&nbsp;&nbsp;&nbsp;Fundamentos del Desarrollo Sostenible \u2013 (DGVM \u2013 PUCV Sostenible)<\/p>\n\n\n\n<p>&#8211;&nbsp;&nbsp;&nbsp;&nbsp;&nbsp;&nbsp;&nbsp;&nbsp;&nbsp;&nbsp;\u00bfCu\u00e1l es el rol del Mercado de Valores en el desarrollo de Chile? Una mirada desde la Bolsa de Santiago (Escuela de Negocios y Econom\u00eda)<\/p>\n\n\n\n<p>Los cursos son de&nbsp;<strong>trabajo aut\u00f3nomo<\/strong>&nbsp;y se dictan de manera&nbsp;<strong>completamente virtual<\/strong>, ofreciendo adem\u00e1s la posibilidad de optar a una certificaci\u00f3n pagada.&nbsp;<\/p>\n","protected":false},"excerpt":{"rendered":"<p> En la 12\u00aa versi\u00f3n de PUCV Abierta, la casa de estudios ofrece clases virtuales de Medio Ambiente y Sostenibilidad; Arte y Cultura; Educaci\u00f3n; y Econom\u00eda y Sociedad.<\/p>\n","protected":false},"author":1,"featured_media":8604,"comment_status":"closed","ping_status":"closed","sticky":false,"template":"","format":"standard","meta":{"footnotes":""},"categories":[3],"tags":[],"class_list":["post-8603","post","type-post","status-publish","format-standard","has-post-thumbnail","hentry","category-al-dia"],"_links":{"self":[{"href":"https:\/\/www.semanariolocal.cl\/index.php?rest_route=\/wp\/v2\/posts\/8603","targetHints":{"allow":["GET"]}}],"collection":[{"href":"https:\/\/www.semanariolocal.cl\/index.php?rest_route=\/wp\/v2\/posts"}],"about":[{"href":"https:\/\/www.semanariolocal.cl\/index.php?rest_route=\/wp\/v2\/types\/post"}],"author":[{"embeddable":true,"href":"https:\/\/www.semanariolocal.cl\/index.php?rest_route=\/wp\/v2\/users\/1"}],"replies":[{"embeddable":true,"href":"https:\/\/www.semanariolocal.cl\/index.php?rest_route=%2Fwp%2Fv2%2Fcomments&post=8603"}],"version-history":[{"count":1,"href":"https:\/\/www.semanariolocal.cl\/index.php?rest_route=\/wp\/v2\/posts\/8603\/revisions"}],"predecessor-version":[{"id":8605,"href":"https:\/\/www.semanariolocal.cl\/index.php?rest_route=\/wp\/v2\/posts\/8603\/revisions\/8605"}],"wp:featuredmedia":[{"embeddable":true,"href":"https:\/\/www.semanariolocal.cl\/index.php?rest_route=\/wp\/v2\/media\/8604"}],"wp:attachment":[{"href":"https:\/\/www.semanariolocal.cl\/index.php?rest_route=%2Fwp%2Fv2%2Fmedia&parent=8603"}],"wp:term":[{"taxonomy":"category","embeddable":true,"href":"https:\/\/www.semanariolocal.cl\/index.php?rest_route=%2Fwp%2Fv2%2Fcategories&post=8603"},{"taxonomy":"post_tag","embeddable":true,"href":"https:\/\/www.semanariolocal.cl\/index.php?rest_route=%2Fwp%2Fv2%2Ftags&post=8603"}],"curies":[{"name":"wp","href":"https:\/\/api.w.org\/{rel}","templated":true}]}}