{"id":8593,"date":"2022-10-08T08:00:00","date_gmt":"2022-10-08T11:00:00","guid":{"rendered":"https:\/\/www.semanariolocal.cl\/?p=8593"},"modified":"2022-10-08T12:41:01","modified_gmt":"2022-10-08T15:41:01","slug":"proyecto-busca-derecho-a-retracto-en-matricula-de-alumnos-que-postulen-a-otros-establecimientos","status":"publish","type":"post","link":"https:\/\/www.semanariolocal.cl\/?p=8593","title":{"rendered":"Proyecto busca derecho a retracto en matr\u00edcula de alumnos que postulen a otros establecimientos"},"content":{"rendered":"\n<p>Un proyecto de ley que busca establecer el derecho a retracto en los establecimientos particulares pagados que impartan ense\u00f1anza en los niveles de educaci\u00f3n parvularia, b\u00e1sica y media, presentaron los diputados de la UDI, Felipe Donoso y Cristhian Moreira.<\/p>\n\n\n\n<p>La idea de la iniciativa legal, explic\u00f3 Donoso, es que establezca el derecho a retracto como pasa hoy en las universidades, es decir, \u201cque no se capture a los padres a trav\u00e9s de los procesos de matr\u00edculas para no perder un cupo en tal o cual colegio\u201d.<\/p>\n\n\n\n<p>\u201cEn los colegios p\u00fablicos y particulares subvencionados existe un proceso de admisi\u00f3n que no nos gusta, pero en los colegios privados no existe nada que regule el proceso de admisi\u00f3n, es absolutamente libre, y lo que sucede es que muchas veces los padres quieren elegir un colegio, y lo que normalmente sucede es que hay uno que es el que todos quieren, entonces este colegio A cuenta con pocos cupos y muchos postulantes, un colegio B que tiene menos postulantes y un colegio C que quiz\u00e1s&nbsp; no tiene postulantes y tiene s\u00f3lo cupos\u201d, argument\u00f3 el legislador por la Regi\u00f3n del Maule.<\/p>\n\n\n\n<p>\u00bfQu\u00e9 pasa entonces?, \u201ccuando se cierra el proceso de matr\u00edculas el colegio A no tiene ning\u00fan apuro porque tiene los cupos suficientes, pero el resto de los colegios para capturar a los alumnos muchas veces aceleran los procesos de matr\u00edculas y los captura pidi\u00e9ndoles pagar la matr\u00edcula y los cheques para resguardar la mensualidad, eso queremos que no sea as\u00ed, queremos que exista un derecho a retracto, que los padres puedan optar por un colegio ya que un proyecto educativo elegido por una familia es para 14 a\u00f1os de estudio y posteriormente es muy dif\u00edcil hacer un cambio\u201d.<\/p>\n\n\n\n<p>Y, lo que buscamos, dijo el diputado Donoso, \u201ces resguardar la libertad de los padres y los ni\u00f1os a elegir el colegio donde se quieren educar<\/p>\n\n\n\n<p>A su turno, el diputado Cristhian Moreira manifest\u00f3 que \u201ceste es un proyecto que viene a proteger tanto a los padres como a los alumnos, sabemos que hoy esto rige para la educaci\u00f3n superior, y es por ello que buscamos proteger a las familias al derecho a elegir\u201d.<\/p>\n\n\n\n<p>Finalmente, ambos legisladores indicaron que la iniciativa resulta de total justicia, ya que da libertad de elecci\u00f3n a los padres para educar a sus hijos.<\/p>\n","protected":false},"excerpt":{"rendered":"<p>La idea central de la iniciativa legal, explicaron Felipe Donoso y Cristhian Moreira, es que no sean \u201ccapturados\u201d y cuenten con la libertad de elecci\u00f3n.<\/p>\n","protected":false},"author":1,"featured_media":8594,"comment_status":"closed","ping_status":"closed","sticky":false,"template":"","format":"standard","meta":{"footnotes":""},"categories":[3],"tags":[],"class_list":["post-8593","post","type-post","status-publish","format-standard","has-post-thumbnail","hentry","category-al-dia"],"_links":{"self":[{"href":"https:\/\/www.semanariolocal.cl\/index.php?rest_route=\/wp\/v2\/posts\/8593","targetHints":{"allow":["GET"]}}],"collection":[{"href":"https:\/\/www.semanariolocal.cl\/index.php?rest_route=\/wp\/v2\/posts"}],"about":[{"href":"https:\/\/www.semanariolocal.cl\/index.php?rest_route=\/wp\/v2\/types\/post"}],"author":[{"embeddable":true,"href":"https:\/\/www.semanariolocal.cl\/index.php?rest_route=\/wp\/v2\/users\/1"}],"replies":[{"embeddable":true,"href":"https:\/\/www.semanariolocal.cl\/index.php?rest_route=%2Fwp%2Fv2%2Fcomments&post=8593"}],"version-history":[{"count":1,"href":"https:\/\/www.semanariolocal.cl\/index.php?rest_route=\/wp\/v2\/posts\/8593\/revisions"}],"predecessor-version":[{"id":8595,"href":"https:\/\/www.semanariolocal.cl\/index.php?rest_route=\/wp\/v2\/posts\/8593\/revisions\/8595"}],"wp:featuredmedia":[{"embeddable":true,"href":"https:\/\/www.semanariolocal.cl\/index.php?rest_route=\/wp\/v2\/media\/8594"}],"wp:attachment":[{"href":"https:\/\/www.semanariolocal.cl\/index.php?rest_route=%2Fwp%2Fv2%2Fmedia&parent=8593"}],"wp:term":[{"taxonomy":"category","embeddable":true,"href":"https:\/\/www.semanariolocal.cl\/index.php?rest_route=%2Fwp%2Fv2%2Fcategories&post=8593"},{"taxonomy":"post_tag","embeddable":true,"href":"https:\/\/www.semanariolocal.cl\/index.php?rest_route=%2Fwp%2Fv2%2Ftags&post=8593"}],"curies":[{"name":"wp","href":"https:\/\/api.w.org\/{rel}","templated":true}]}}