{"id":8590,"date":"2022-10-08T19:00:00","date_gmt":"2022-10-08T22:00:00","guid":{"rendered":"https:\/\/www.semanariolocal.cl\/?p=8590"},"modified":"2022-10-08T12:34:43","modified_gmt":"2022-10-08T15:34:43","slug":"ministro-de-la-corte-suprema-atendio-inquietudes-de-abogados-de-la-provincia","status":"publish","type":"post","link":"https:\/\/www.semanariolocal.cl\/?p=8590","title":{"rendered":"Ministro de la Corte Suprema atendi\u00f3 inquietudes de abogados de la Provincia"},"content":{"rendered":"\n<p>Hasta dependencias de los Tribunales de Familia ubicados en calle Los Carrera en pleno centro de Osorno, acudi\u00f3 la directiva del Colegio de Abogados de la Provincia de Osorno A.G., este mi\u00e9rcoles 05 de octubre a las 11.30 hrs., con el prop\u00f3sito de concretar la audiencia que le fuera concedida por el hasta hace poco presidente del m\u00e1ximo tribunal del pa\u00eds, el ministro Guillermo Silva Gundelach.<\/p>\n\n\n\n<p>Como tener en nuestra provincia a un supremo no es habitual, tanto el vestuario de la directiva como el ir y venir de jueces daban cuenta que la cita era de relevancia, toda vez que el ministro Silva se encontraba en la zona visitando los tribunales en ejercicio de las facultades disciplinarias, administrativas y econ\u00f3micas que ostenta la Corte Suprema.<\/p>\n\n\n\n<p>Por esta raz\u00f3n, para quienes se desempe\u00f1an en el Poder Judicial, esta visita era una oportunidad para dar cuenta del trabajo realizado. Y para quienes son operarios de la Justicia, como el colegio de abogados de la zona, era la oportunidad para representar los desaf\u00edos jur\u00eddicos y judiciales propios de la zona.<\/p>\n\n\n\n<p>As\u00ed, por casi una hora, el gremio local sostuvo una amena y franca conversaci\u00f3n donde los principales desaf\u00edos que afectan a la abogac\u00eda y a las personas que acuden a la justicia, fueron abordados.<\/p>\n\n\n\n<p>As\u00ed, la necesidad de que Osorno cuente con una propia Corte de Apelaciones y con un tercer juzgado de letras para descomprimir el volumen de causas, agilizar su tramitaci\u00f3n y favorecer el desarrollo productivo de la zona, fue acogido por el supremo quien comparti\u00f3 su experiencia como juez en provincia y los obst\u00e1culos institucionales a sortear para este anhelado sue\u00f1o gremial.<\/p>\n\n\n\n<p>Luego, ante los problemas de regulaci\u00f3n, acceso y costos vinculados a los auxiliares de la administraci\u00f3n de justicia, en espec\u00edfico receptores, notarios y conservadores de bienes ra\u00edces, el otrora presidente de la Corte Suprema reconoci\u00f3 que es un problema a nivel nacional, del que son conscientes pero que hasta ahora no se hab\u00eda solicitado formalmente su revisi\u00f3n.<\/p>\n\n\n\n<p>Sobre la virtualidad en la tramitaci\u00f3n de causas, la conversaci\u00f3n fluy\u00f3 espont\u00e1neamente hacia un consenso en que hay espacios que seguir\u00e1n bajo esta modalidad, en especial en lo que respecta al ejercicio de la abogac\u00eda, pero que requiere revisi\u00f3n en otros, sobre todo, en quienes se desempe\u00f1an laboralmente en los tribunales.<\/p>\n\n\n\n<p>Finalmente, el ministro Silva Gundelach se mostr\u00f3 receptivo a la noticia de la creaci\u00f3n de la Federaci\u00f3n Nacional de Colegios de Abogados, toda vez que se erige como un espacio que aglutina las necesidades profesionales en regiones, lo que muchas veces no es canalizado por el gremio de Santiago.<\/p>\n\n\n\n<p>Para Jos\u00e9 Manuel Baquedano, presidente del colegio de juristas de la zona, el encuentro fue \u201ctodo un \u00e9xito porque el ministro dedic\u00f3 m\u00e1s tiempo que el presupuestado para interiorizarse a fondo con las necesidades que le representamos y se mostr\u00f3 llano a darles curso porque son problemas que \u00e9l mismo vivi\u00f3 siendo juez en provincia\u201d.<\/p>\n","protected":false},"excerpt":{"rendered":"<p>Con ocasi\u00f3n de su visita a los tribunales de la zona, el colegio de abogados de la provincia sostuvo un encuentro de 45 minutos con el ministro Guillermo Silva. Acceso a la Justicia, virtualidad y una Corte de Apelaciones para Osorno fueron algunos de los temas abordados. <\/p>\n","protected":false},"author":1,"featured_media":8591,"comment_status":"closed","ping_status":"closed","sticky":false,"template":"","format":"standard","meta":{"footnotes":""},"categories":[3],"tags":[],"class_list":["post-8590","post","type-post","status-publish","format-standard","has-post-thumbnail","hentry","category-al-dia"],"_links":{"self":[{"href":"https:\/\/www.semanariolocal.cl\/index.php?rest_route=\/wp\/v2\/posts\/8590","targetHints":{"allow":["GET"]}}],"collection":[{"href":"https:\/\/www.semanariolocal.cl\/index.php?rest_route=\/wp\/v2\/posts"}],"about":[{"href":"https:\/\/www.semanariolocal.cl\/index.php?rest_route=\/wp\/v2\/types\/post"}],"author":[{"embeddable":true,"href":"https:\/\/www.semanariolocal.cl\/index.php?rest_route=\/wp\/v2\/users\/1"}],"replies":[{"embeddable":true,"href":"https:\/\/www.semanariolocal.cl\/index.php?rest_route=%2Fwp%2Fv2%2Fcomments&post=8590"}],"version-history":[{"count":1,"href":"https:\/\/www.semanariolocal.cl\/index.php?rest_route=\/wp\/v2\/posts\/8590\/revisions"}],"predecessor-version":[{"id":8592,"href":"https:\/\/www.semanariolocal.cl\/index.php?rest_route=\/wp\/v2\/posts\/8590\/revisions\/8592"}],"wp:featuredmedia":[{"embeddable":true,"href":"https:\/\/www.semanariolocal.cl\/index.php?rest_route=\/wp\/v2\/media\/8591"}],"wp:attachment":[{"href":"https:\/\/www.semanariolocal.cl\/index.php?rest_route=%2Fwp%2Fv2%2Fmedia&parent=8590"}],"wp:term":[{"taxonomy":"category","embeddable":true,"href":"https:\/\/www.semanariolocal.cl\/index.php?rest_route=%2Fwp%2Fv2%2Fcategories&post=8590"},{"taxonomy":"post_tag","embeddable":true,"href":"https:\/\/www.semanariolocal.cl\/index.php?rest_route=%2Fwp%2Fv2%2Ftags&post=8590"}],"curies":[{"name":"wp","href":"https:\/\/api.w.org\/{rel}","templated":true}]}}