{"id":8584,"date":"2022-10-07T11:20:00","date_gmt":"2022-10-07T14:20:00","guid":{"rendered":"https:\/\/www.semanariolocal.cl\/?p=8584"},"modified":"2022-10-08T12:24:42","modified_gmt":"2022-10-08T15:24:42","slug":"guia-de-acompanamiento-para-familias-adoptivas","status":"publish","type":"post","link":"https:\/\/www.semanariolocal.cl\/?p=8584","title":{"rendered":"Gu\u00eda de acompa\u00f1amiento para familias adoptivas"},"content":{"rendered":"\n<p>Son muchas las interrogantes y planteamientos que surgen alrededor de la palabra adopci\u00f3n. A partir del momento en que es considerada como una alternativa para hacer familia, hasta los diversos desaf\u00edos que va planteando en las distintas etapas del desarrollo del hijo o hija, desde la infancia, pasando por la adolescencia y hasta la adultez con respecto a la identidad y b\u00fasqueda de or\u00edgenes, entre otros.<\/p>\n\n\n\n<p>La&nbsp;<strong><em>Gu\u00eda de acompa\u00f1amiento para familias adoptivas<\/em><\/strong>&nbsp;es un material creado por la psic\u00f3loga cl\u00ednica infanto-juvenil, Leyre Fern\u00e1ndez, junto a la periodista y madre adoptiva, Adanyl Brignoni, pensado en las personas que est\u00e1n considerando adoptar o que ya han formado familia a trav\u00e9s de la adopci\u00f3n, para que puedan recibir informaci\u00f3n de calidad y, a su vez, acceder al material de otros referentes nacionales e internacionales que han tratado la adopci\u00f3n de manera responsable y profesional.<\/p>\n\n\n\n<p>Las autoras, desde su propia experiencia, se hicieron preguntas y buscaron responderlas no solo para s\u00ed mismas, sino que principalmente para apoyar a otros posibles compa\u00f1eros de viaje en este camino que restituye el derecho a vivir en familia. Un viaje que requiere construir un camino \u00fanico, pero que al mismo tiempo puede estar acompa\u00f1ado por otros al sentirse identificados y comprendidos por quienes lo han transitado antes.<\/p>\n\n\n\n<p>Durante el lanzamiento de la&nbsp;<strong>Gu\u00eda de acompa\u00f1amiento para familias adoptivas<\/strong>, la doctora y acad\u00e9mica de la Facultad de Psicolog\u00eda de la Universidad Alberto Hurtado, Irene Salvo, destac\u00f3 que los ni\u00f1os que esperan ser adoptados \u201cnecesitan familias cada vez m\u00e1s sensibles, emp\u00e1ticas, preparadas, comprometidas y con una visi\u00f3n realista y clara respecto de los desaf\u00edos y tambi\u00e9n las maravillas de esta experiencia de vida. As\u00ed, podr\u00e1n brindarles a sus hijos e hijas el amor, el cuidado, el apoyo y la seguridad que necesitan para alcanzar un bienestar integral y desarrollar su m\u00e1ximo potencial\u201d.<\/p>\n\n\n\n<p>\u201cEn este contexto, el proceso de convertirse en madre o padre adoptivo constituye uno de los viajes personales m\u00e1s desafiantes que se pueden emprender, tanto emocional como intelectualmente. Este enfoque reflexivo y de empoderamiento sobre el camino personal hacia la adopci\u00f3n es el que podemos encontrar en la Gu\u00eda que se presenta hoy\u201d, se\u00f1al\u00f3.<\/p>\n\n\n\n<p>De esta forma, esta Gu\u00eda permite que cada lector se haga un mapa y panorama m\u00e1s equilibrado y realista de la adopci\u00f3n. No idealiza, edulcora o romantiza la adopci\u00f3n como un encuentro perfecto, sino que plantea sus diversos desaf\u00edos, aprendizajes y muchas veces un arduo trabajo. Al mismo tiempo, describe las caracter\u00edsticas, necesidades e incluso problem\u00e1ticas que algunos ni\u00f1os, ni\u00f1as y adolescentes que necesitan y merecen tener una familia pueden traer consigo, sin estigmatizarlos ni demonizar su origen, sino que desde una mirada respetuosa e integradora de su historia y comprensiva de las experiencias de adversidad que han atravesado en su propio viaje hasta llegar a la adopci\u00f3n. Asimismo, muestra que al igual que otros padres que requieren trabajar d\u00eda a d\u00eda en el cuidado de sus hijos, la adopci\u00f3n tambi\u00e9n es una experiencia con muchos momentos maravillosos.<\/p>\n\n\n\n<p>De este modo, este libro no busca en ning\u00fan caso dictar recetas o soluciones a las situaciones que se abordan, sino que compartir experiencias plurales y diversas respecto de los procesos adoptivos para que cada lector tome aquello que cree podr\u00e1 serle de utilidad.<\/p>\n\n\n\n<p>La&nbsp;<strong><em>Gu\u00eda de acompa\u00f1amiento para padres adoptivos<\/em><\/strong>&nbsp;ya est\u00e1 a la venta en&nbsp;<a href=\"https:\/\/boletines.editorialforja.cl\/c\/8w9rq\/3eikx-tk\/zyvj3u2m1jc\" target=\"_blank\" rel=\"noreferrer noopener\">www.editorialforja.cl<\/a>&nbsp;y en las principales librer\u00edas del pa\u00eds. Pronto estar\u00e1 disponible en formato&nbsp;<em>ebook<\/em>&nbsp;en las tiendas del ramo.<\/p>\n","protected":false},"excerpt":{"rendered":"<p>\u00bfEst\u00e1s pensando en adoptar, pero a\u00fan no est\u00e1s seguro? \u00bfPor d\u00f3nde comenzar? \u00bfQu\u00e9 debes considerar antes de tomar esta decisi\u00f3n? \u00bfYa hiciste familia a trav\u00e9s de la adopci\u00f3n y no sabes a d\u00f3nde recurrir en momentos complejos de la parentalidad? \u00bfQu\u00e9 conductas son habituales durante el tiempo de vinculaci\u00f3n y adaptaci\u00f3n con tu hijo o hija? Estas y muchas otras preguntas busca responder la Gu\u00eda de acompa\u00f1amiento para familias adoptivas que acaba de lanzar Editorial Forja.<\/p>\n","protected":false},"author":1,"featured_media":8585,"comment_status":"closed","ping_status":"closed","sticky":false,"template":"","format":"standard","meta":{"footnotes":""},"categories":[3,10],"tags":[],"class_list":["post-8584","post","type-post","status-publish","format-standard","has-post-thumbnail","hentry","category-al-dia","category-cultura"],"_links":{"self":[{"href":"https:\/\/www.semanariolocal.cl\/index.php?rest_route=\/wp\/v2\/posts\/8584","targetHints":{"allow":["GET"]}}],"collection":[{"href":"https:\/\/www.semanariolocal.cl\/index.php?rest_route=\/wp\/v2\/posts"}],"about":[{"href":"https:\/\/www.semanariolocal.cl\/index.php?rest_route=\/wp\/v2\/types\/post"}],"author":[{"embeddable":true,"href":"https:\/\/www.semanariolocal.cl\/index.php?rest_route=\/wp\/v2\/users\/1"}],"replies":[{"embeddable":true,"href":"https:\/\/www.semanariolocal.cl\/index.php?rest_route=%2Fwp%2Fv2%2Fcomments&post=8584"}],"version-history":[{"count":1,"href":"https:\/\/www.semanariolocal.cl\/index.php?rest_route=\/wp\/v2\/posts\/8584\/revisions"}],"predecessor-version":[{"id":8586,"href":"https:\/\/www.semanariolocal.cl\/index.php?rest_route=\/wp\/v2\/posts\/8584\/revisions\/8586"}],"wp:featuredmedia":[{"embeddable":true,"href":"https:\/\/www.semanariolocal.cl\/index.php?rest_route=\/wp\/v2\/media\/8585"}],"wp:attachment":[{"href":"https:\/\/www.semanariolocal.cl\/index.php?rest_route=%2Fwp%2Fv2%2Fmedia&parent=8584"}],"wp:term":[{"taxonomy":"category","embeddable":true,"href":"https:\/\/www.semanariolocal.cl\/index.php?rest_route=%2Fwp%2Fv2%2Fcategories&post=8584"},{"taxonomy":"post_tag","embeddable":true,"href":"https:\/\/www.semanariolocal.cl\/index.php?rest_route=%2Fwp%2Fv2%2Ftags&post=8584"}],"curies":[{"name":"wp","href":"https:\/\/api.w.org\/{rel}","templated":true}]}}