{"id":8581,"date":"2022-10-07T22:54:59","date_gmt":"2022-10-08T01:54:59","guid":{"rendered":"https:\/\/www.semanariolocal.cl\/?p=8581"},"modified":"2022-10-07T22:55:00","modified_gmt":"2022-10-08T01:55:00","slug":"diputado-barria-abogo-por-adultos-mayores-y-calefactores-a-pellet-mal-instalados","status":"publish","type":"post","link":"https:\/\/www.semanariolocal.cl\/?p=8581","title":{"rendered":"Diputado Barr\u00eda  abog\u00f3 por adultos mayores y calefactores a pellet mal instalados"},"content":{"rendered":"\n<p>En relaci\u00f3n a lo anterior el Diputado del Distrito 25, H\u00e9ctor Barr\u00eda manifest\u00f3,&nbsp;<strong><em>\u201cEn el mes de julio hicimos las denuncias y tambi\u00e9n las gestiones para hacer presente con la autoridad respectiva la problem\u00e1tica del recambio de calefactores a pellet en Osorno\u201d.<\/em><\/strong><\/p>\n\n\n\n<p><strong><em>\u201cNo ha funcionado, nadie da respuesta, no existen soluciones alternativas. Es un fracaso el recambio de calefactores a pellet que afecta a m\u00e1s de 250 familias, muchos de ellos adultos mayores. A esto, se suma a la falta de pellet que a\u00fan est\u00e1 presente en la comuna de Osorno, y en las diversas comunas de la regi\u00f3n, Purranque, Puerto Varas, Frutillar, etc \u201d. &nbsp;<\/em><\/strong><\/p>\n\n\n\n<p>Por otra parte el diputado Barr\u00eda indic\u00f3 lo siguiente,&nbsp;<strong><em>\u201cNuevamente hacemos un llamado a la autoridad para que se fiscalice este tipo de situaciones. Como Diputado continuaremos ejerciendo las facultades que nos entrega la constituci\u00f3n y las leyes\u201d.<\/em><\/strong><\/p>\n\n\n\n<p>Finalmente el Diputado Barr\u00eda agreg\u00f3;&nbsp;<strong><em>\u201cEn el mes de octubre se celebra el mes del adulto mayor, y hay adultos mayores que pasaron todo el invierno con fr\u00edo por no tener respuestas concretas ante este mal recambio de calefactores. Nosotros esperamos esas respuestas urgentes \u201d.&nbsp;<\/em><\/strong><\/p>\n","protected":false},"excerpt":{"rendered":"<p>El Diputado H\u00e9ctor Barr\u00eda ve con preocupaci\u00f3n la situaci\u00f3n que est\u00e1 afectando a los vecinos y vecinas de Osorno que tienen problemas con las estufas a pellet. M\u00e1s cuando un gran porcentaje de los afectados son adultos mayores.<\/p>\n","protected":false},"author":1,"featured_media":8582,"comment_status":"closed","ping_status":"closed","sticky":false,"template":"","format":"standard","meta":{"footnotes":""},"categories":[3],"tags":[],"class_list":["post-8581","post","type-post","status-publish","format-standard","has-post-thumbnail","hentry","category-al-dia"],"_links":{"self":[{"href":"https:\/\/www.semanariolocal.cl\/index.php?rest_route=\/wp\/v2\/posts\/8581","targetHints":{"allow":["GET"]}}],"collection":[{"href":"https:\/\/www.semanariolocal.cl\/index.php?rest_route=\/wp\/v2\/posts"}],"about":[{"href":"https:\/\/www.semanariolocal.cl\/index.php?rest_route=\/wp\/v2\/types\/post"}],"author":[{"embeddable":true,"href":"https:\/\/www.semanariolocal.cl\/index.php?rest_route=\/wp\/v2\/users\/1"}],"replies":[{"embeddable":true,"href":"https:\/\/www.semanariolocal.cl\/index.php?rest_route=%2Fwp%2Fv2%2Fcomments&post=8581"}],"version-history":[{"count":1,"href":"https:\/\/www.semanariolocal.cl\/index.php?rest_route=\/wp\/v2\/posts\/8581\/revisions"}],"predecessor-version":[{"id":8583,"href":"https:\/\/www.semanariolocal.cl\/index.php?rest_route=\/wp\/v2\/posts\/8581\/revisions\/8583"}],"wp:featuredmedia":[{"embeddable":true,"href":"https:\/\/www.semanariolocal.cl\/index.php?rest_route=\/wp\/v2\/media\/8582"}],"wp:attachment":[{"href":"https:\/\/www.semanariolocal.cl\/index.php?rest_route=%2Fwp%2Fv2%2Fmedia&parent=8581"}],"wp:term":[{"taxonomy":"category","embeddable":true,"href":"https:\/\/www.semanariolocal.cl\/index.php?rest_route=%2Fwp%2Fv2%2Fcategories&post=8581"},{"taxonomy":"post_tag","embeddable":true,"href":"https:\/\/www.semanariolocal.cl\/index.php?rest_route=%2Fwp%2Fv2%2Ftags&post=8581"}],"curies":[{"name":"wp","href":"https:\/\/api.w.org\/{rel}","templated":true}]}}