{"id":8578,"date":"2022-10-07T08:00:00","date_gmt":"2022-10-07T11:00:00","guid":{"rendered":"https:\/\/www.semanariolocal.cl\/?p=8578"},"modified":"2022-10-07T22:51:11","modified_gmt":"2022-10-08T01:51:11","slug":"junji-reabre-jardin-infantil-entre-cerros-y-rios-de-maullin","status":"publish","type":"post","link":"https:\/\/www.semanariolocal.cl\/?p=8578","title":{"rendered":"JUNJI reabre jard\u00edn infantil \u00abEntre cerros y r\u00edos\u00bb de Maull\u00edn"},"content":{"rendered":"\n<p>La actividad Somos Vecinos, encabezada por la directora regional (s) Mar\u00eda Antonieta S\u00e1nchez y equipo de JUNJI Los Lagos, inform\u00f3 a la comunidad sobre el proceso de mantenciones y reparaciones que se efectuaron recientemente en la unidad educativa, ubicada en el sector de Ten Ten de la ciudad de los r\u00edos.<\/p>\n\n\n\n<p>El establecimiento -que cuenta con una capacidad de 50 ni\u00f1os y ni\u00f1as- reabri\u00f3 sus puertas para la atenci\u00f3n de los p\u00e1rvulos el pasado lunes 3 de octubre. Esto, tras su cierre temporal determinado por la instituci\u00f3n el pasado mi\u00e9rcoles 15 julio por contingencias en la caldera.<\/p>\n\n\n\n<p>\u201cEste conversatorio con la comunidad educativa del sector de Ten Ten tuvo el prop\u00f3sito de dar a conocer las nuevas obras realizadas con un costo aproximado de 20 millones de pesos y ,adem\u00e1s, informar el reinicio de las actividades presenciales en el jard\u00edn infantil Entre Cerros y R\u00edos y con ello garantizar que el jard\u00edn infantil brinde una atenci\u00f3n presencial continua y de calidad, donde los ni\u00f1os y ni\u00f1as son los protagonistas de sus propios aprendizajes\u201d, sostuvo la directora (s) de JUNJI, Mar\u00eda Antonieta Sanchez.<\/p>\n\n\n\n<p>En tanto, la directora del establecimiento, Rosa Lopez, resalt\u00f3 que \u201cnuestra comunidad est\u00e1 muy contenta, sabemos que la presencialidad se ha venido tomando de a poco, debido a la pandemia, y donde el reencuentro ha sido muy positivo. Nos encontramos con ni\u00f1os y ni\u00f1as que necesitaban de estos espacios y momentos, de poder contar con un equipo que apoyara su aprendizaje y desarrollo integral\u201d.<\/p>\n\n\n\n<p>Por su parte, Angelica Mansilla, de la Junta de Vecinos 18 de Ten Ten, plante\u00f3 su constante cooperaci\u00f3n con el jard\u00edn infantil y las familias. \u201cEs como una bendici\u00f3n para nosotros, ya que ayuda a muchas mam\u00e1s trabajadoras de esta poblaci\u00f3n. Feliz de que hayan solucionado los problemas, solo agradecer al equipo de JUNJI que se hizo parte de estas mejoras\u201d, destac\u00f3 la dirigente.<\/p>\n\n\n\n<p>Los arreglos correspondieron, principalmente, a los sistemas el\u00e9ctricos y del agua potable y, adem\u00e1s, mejoras generales en la infraestructura del recinto, lo que permitir\u00e1 brindar una atenci\u00f3n normal y continua de los servicios educativos.<\/p>\n","protected":false},"excerpt":{"rendered":"<p>Tras permanecer tres meses suspendido por problemas en su infraestructura, la comunidad educativa conoci\u00f3 las nuevas obras del recinto -que tuvieron una inversi\u00f3n de 20 millones de pesos- y el reinicio de su proyecto educativo enfocado \u201cen el arte de ser feliz\u201d.<\/p>\n","protected":false},"author":1,"featured_media":8579,"comment_status":"closed","ping_status":"closed","sticky":false,"template":"","format":"standard","meta":{"footnotes":""},"categories":[3],"tags":[],"class_list":["post-8578","post","type-post","status-publish","format-standard","has-post-thumbnail","hentry","category-al-dia"],"_links":{"self":[{"href":"https:\/\/www.semanariolocal.cl\/index.php?rest_route=\/wp\/v2\/posts\/8578","targetHints":{"allow":["GET"]}}],"collection":[{"href":"https:\/\/www.semanariolocal.cl\/index.php?rest_route=\/wp\/v2\/posts"}],"about":[{"href":"https:\/\/www.semanariolocal.cl\/index.php?rest_route=\/wp\/v2\/types\/post"}],"author":[{"embeddable":true,"href":"https:\/\/www.semanariolocal.cl\/index.php?rest_route=\/wp\/v2\/users\/1"}],"replies":[{"embeddable":true,"href":"https:\/\/www.semanariolocal.cl\/index.php?rest_route=%2Fwp%2Fv2%2Fcomments&post=8578"}],"version-history":[{"count":1,"href":"https:\/\/www.semanariolocal.cl\/index.php?rest_route=\/wp\/v2\/posts\/8578\/revisions"}],"predecessor-version":[{"id":8580,"href":"https:\/\/www.semanariolocal.cl\/index.php?rest_route=\/wp\/v2\/posts\/8578\/revisions\/8580"}],"wp:featuredmedia":[{"embeddable":true,"href":"https:\/\/www.semanariolocal.cl\/index.php?rest_route=\/wp\/v2\/media\/8579"}],"wp:attachment":[{"href":"https:\/\/www.semanariolocal.cl\/index.php?rest_route=%2Fwp%2Fv2%2Fmedia&parent=8578"}],"wp:term":[{"taxonomy":"category","embeddable":true,"href":"https:\/\/www.semanariolocal.cl\/index.php?rest_route=%2Fwp%2Fv2%2Fcategories&post=8578"},{"taxonomy":"post_tag","embeddable":true,"href":"https:\/\/www.semanariolocal.cl\/index.php?rest_route=%2Fwp%2Fv2%2Ftags&post=8578"}],"curies":[{"name":"wp","href":"https:\/\/api.w.org\/{rel}","templated":true}]}}