{"id":8575,"date":"2022-10-07T22:46:30","date_gmt":"2022-10-08T01:46:30","guid":{"rendered":"https:\/\/www.semanariolocal.cl\/?p=8575"},"modified":"2022-10-07T22:46:31","modified_gmt":"2022-10-08T01:46:31","slug":"encuentro-nacional-de-concejales-se-desarrollara-en-osorno-los-dias-7-8-y-9-de-noviembre","status":"publish","type":"post","link":"https:\/\/www.semanariolocal.cl\/?p=8575","title":{"rendered":"Encuentro nacional de Concejales se desarrollar\u00e1 en Osorno los d\u00edas 7- 8 y 9 de noviembre"},"content":{"rendered":"\n<p>El alcalde Emeterio Carrillo, junto al presidente de la comisi\u00f3n de concejales de la Asociaci\u00f3n Chilena de Municipalidades (ACHM), Alejandro Urrutia, dieron a conocer acerca de esta cita nacional, que se desarrollar\u00e1 entre el 7 al 10 de noviembre de este a\u00f1o, y congregar\u00e1 ediles de los 345 concejos municipales que existen en el pa\u00eds.<\/p>\n\n\n\n<p>Carrillo valor\u00f3 estos espacios de asociativismo municipal,<strong> <em>\u201cpues por experiencia s\u00e9 que los concejales podr\u00e1n obtener nuevas herramientas para implementarlas en sus comunas y resolver problem\u00e1ticas ciudadanas que contribuyan al desarrollo territorial y social de sus ciudades\u201d.<\/em><\/strong><em><\/em><\/p>\n\n\n\n<p>El jefe edilicio local manifest\u00f3 que el desarrollo de este encuentro le permitir\u00e1 a Osorno reactivarse econ\u00f3micamente, tras dos a\u00f1os y medio de Pandemia, vi\u00e9ndose favorecidos directamente empresarios en el rubro gastron\u00f3mico, hotelero, recreativo y de servicios tur\u00edsticos, entre otros.<\/p>\n\n\n\n<p>Por su parte, el concejal de La Cisterna y presidente de la comisi\u00f3n de concejales de la ACHM, Alejandro Urrutia, se\u00f1al\u00f3 que este encuentro les permitir\u00e1 a los ediles reflexionar en torno a tem\u00e1ticas transversales como vivienda, salud, educaci\u00f3n y medio ambiente, para que las propias autoridades generen redes y puedan levantar alianzas en beneficio de sus territorios.<\/p>\n\n\n\n<p>Se contar\u00e1 tambi\u00e9n con la participaci\u00f3n de importantes autoridades pol\u00edticas del pa\u00eds, incluso est\u00e1 invitado el Presidente Gabriel Boric, de quien se espera pronta confirmaci\u00f3n, o de alg\u00fan representante, as\u00ed como ministros, subsecretarios, presidentes de las c\u00e1maras y expertos en materia de desarrollo comunal.<\/p>\n\n\n\n<p>El programa de este evento nacional considera 18 ponencias, trabajo en grupo por regiones, trabajo en comisiones por \u00e1reas de inter\u00e9s, reuniones de bancadas y plenarios.<\/p>\n\n\n\n<p>Durante el lanzamiento de la actividad, desarrollada en el Edificio Consistorial de Osorno, estuvo el diputado H\u00e9ctor Barr\u00eda, los alcaldes de Purranque C\u00e9sar Crot, San Juan de la Costa Bernardo Candia y R\u00edo Negro Sebasti\u00e1n Cruzat. Tambi\u00e9n estuvieron los concejales de Osorno Soledad Uribe, Cecilia Canales, Mario Troncoso y Juan Carlos Vel\u00e1squez.<\/p>\n","protected":false},"excerpt":{"rendered":"<p>Un millar de ediles se reunir\u00e1n en la regi\u00f3n para capacitarse y resolver tem\u00e1ticas de inter\u00e9s de sus comunidades.<\/p>\n","protected":false},"author":1,"featured_media":8576,"comment_status":"closed","ping_status":"closed","sticky":false,"template":"","format":"standard","meta":{"footnotes":""},"categories":[3],"tags":[],"class_list":["post-8575","post","type-post","status-publish","format-standard","has-post-thumbnail","hentry","category-al-dia"],"_links":{"self":[{"href":"https:\/\/www.semanariolocal.cl\/index.php?rest_route=\/wp\/v2\/posts\/8575","targetHints":{"allow":["GET"]}}],"collection":[{"href":"https:\/\/www.semanariolocal.cl\/index.php?rest_route=\/wp\/v2\/posts"}],"about":[{"href":"https:\/\/www.semanariolocal.cl\/index.php?rest_route=\/wp\/v2\/types\/post"}],"author":[{"embeddable":true,"href":"https:\/\/www.semanariolocal.cl\/index.php?rest_route=\/wp\/v2\/users\/1"}],"replies":[{"embeddable":true,"href":"https:\/\/www.semanariolocal.cl\/index.php?rest_route=%2Fwp%2Fv2%2Fcomments&post=8575"}],"version-history":[{"count":1,"href":"https:\/\/www.semanariolocal.cl\/index.php?rest_route=\/wp\/v2\/posts\/8575\/revisions"}],"predecessor-version":[{"id":8577,"href":"https:\/\/www.semanariolocal.cl\/index.php?rest_route=\/wp\/v2\/posts\/8575\/revisions\/8577"}],"wp:featuredmedia":[{"embeddable":true,"href":"https:\/\/www.semanariolocal.cl\/index.php?rest_route=\/wp\/v2\/media\/8576"}],"wp:attachment":[{"href":"https:\/\/www.semanariolocal.cl\/index.php?rest_route=%2Fwp%2Fv2%2Fmedia&parent=8575"}],"wp:term":[{"taxonomy":"category","embeddable":true,"href":"https:\/\/www.semanariolocal.cl\/index.php?rest_route=%2Fwp%2Fv2%2Fcategories&post=8575"},{"taxonomy":"post_tag","embeddable":true,"href":"https:\/\/www.semanariolocal.cl\/index.php?rest_route=%2Fwp%2Fv2%2Ftags&post=8575"}],"curies":[{"name":"wp","href":"https:\/\/api.w.org\/{rel}","templated":true}]}}