{"id":8570,"date":"2022-10-07T22:30:07","date_gmt":"2022-10-08T01:30:07","guid":{"rendered":"https:\/\/www.semanariolocal.cl\/?p=8570"},"modified":"2022-10-07T22:32:16","modified_gmt":"2022-10-08T01:32:16","slug":"con-feria-vocacional-santo-tomas-osorno-lanzo-proceso-de-admision-2023","status":"publish","type":"post","link":"https:\/\/www.semanariolocal.cl\/?p=8570","title":{"rendered":"Con feria vocacional Santo Tom\u00e1s Osorno lanz\u00f3 proceso de admisi\u00f3n 2023"},"content":{"rendered":"\n<p>En pleno centro de Osorno y con la presencia de directivos, alumnos y acad\u00e9micos, las Instituciones de Educaci\u00f3n Superior Santo Tom\u00e1s sede Osorno, realizaron hoy viernes, una Feria Vocacional en la que anunciaron todos los detalles del proceso de Admisi\u00f3n 2023, cuyas matr\u00edculas comienzan este mi\u00e9rcoles 12 de octubre.<\/p>\n\n\n\n<p>Seg\u00fan expres\u00f3 Ver\u00f3nica Le Fort, directora de Admisi\u00f3n, las matr\u00edculas podr\u00e1n efectuarse ese d\u00eda desde las 08:30 horas, directamente en calle Los Carrera 753 o a trav\u00e9s del sitio web <a href=\"about:blank\">www.tupuedes.cl<\/a>, destacando algunas carreras que son con matr\u00edcula a costo cero y la gratuidad a la que est\u00e1n adscritos el IP y CFT, luego de ser acreditados por 5 a\u00f1os por la Comisi\u00f3n Nacional de Acreditaci\u00f3n CNA Chile, en Gesti\u00f3n Institucional y Docencia de Pregrado.<\/p>\n\n\n\n<p>Durante la actividad, los interesados en ampliar sus conocimientos y acceder a la educaci\u00f3n superior, pudieron resolver sus dudas respecto al funcionamiento de las carreras t\u00e9cnicas y profesionales, becas y beneficios internos y ministeriales, adem\u00e1s de conversar directamente con los jefes de carreras y directores de \u00e1rea sobre las mallas curriculares y perfiles de egresos.<\/p>\n\n\n\n<p>Entre las carreras que impartir\u00e1 Santo Tom\u00e1s en 2023, se encuentran, tanto en modalidad diurna como vespertina, en el Instituto Profesional: Construcci\u00f3n Civil, Contador Auditor (v), Ingenier\u00eda de Ejecuci\u00f3n en Administraci\u00f3n (v), Psicopedagog\u00eda y Servicio Social. Mientras que en el Centro de Formaci\u00f3n T\u00e9cnica estar\u00e1n: Gastronom\u00eda Internacional y Tradicional Chilena, Preparador F\u00edsico, T\u00e9cnico en Administraci\u00f3n (v), T\u00e9cnico en Construcciones Civiles (v), T\u00e9cnico en Educaci\u00f3n Especial, T\u00e9cnico en Educaci\u00f3n Parvularia 1\u00b0 y 2\u00b0 b\u00e1sico, T\u00e9cnico en Enfermer\u00eda, T\u00e9cnico en Laboratorio Cl\u00ednico Banco de Sangre e Imagenolog\u00eda, T\u00e9cnico en Odontolog\u00eda menci\u00f3n Higienista Dental, T\u00e9cnico en Podolog\u00eda Cl\u00ednica, T\u00e9cnico en Veterinaria y Producci\u00f3n Pecuaria, y Topograf\u00eda (v).<\/p>\n\n\n\n<p>Para matricularse en cualquiera de estas carreras, los interesados s\u00f3lo deben acercarse a Santo Tom\u00e1s en Osorno con su c\u00e9dula de identidad, los dem\u00e1s documentos ser\u00e1n conseguidos en l\u00ednea por el equipo de admisi\u00f3n dispuesto para aquellos fines.<\/p>\n\n\n\n<p>Para consultas, est\u00e1n disponibles los tel\u00e9fonos 64 2 228200 o WhatsApp +56 9 30195048, el correo electr\u00f3nico <a href=\"about:blank\">admision.osorno@santotomas.cl<\/a> o las redes sociales Face, TW e IG: Santo Tom\u00e1s Osorno.<\/p>\n","protected":false},"excerpt":{"rendered":"<p>En pleno centro de Osorno y con la presencia de directivos, alumnos y acad\u00e9micos, las Instituciones de Educaci\u00f3n Superior Santo Tom\u00e1s sede Osorno, realizaron hoy viernes, una Feria Vocacional en la que anunciaron todos los detalles del proceso de Admisi\u00f3n 2023, cuyas matr\u00edculas comienzan este mi\u00e9rcoles 12 de octubre. Seg\u00fan expres\u00f3 Ver\u00f3nica Le Fort, directora&#8230;<a class=\"btnReadMore\" href=\"https:\/\/www.semanariolocal.cl\/?p=8570\"> Leer M\u00e1s<\/a><\/p>\n","protected":false},"author":1,"featured_media":8573,"comment_status":"closed","ping_status":"closed","sticky":false,"template":"","format":"standard","meta":{"footnotes":""},"categories":[11],"tags":[],"class_list":["post-8570","post","type-post","status-publish","format-standard","has-post-thumbnail","hentry","category-educacion"],"_links":{"self":[{"href":"https:\/\/www.semanariolocal.cl\/index.php?rest_route=\/wp\/v2\/posts\/8570","targetHints":{"allow":["GET"]}}],"collection":[{"href":"https:\/\/www.semanariolocal.cl\/index.php?rest_route=\/wp\/v2\/posts"}],"about":[{"href":"https:\/\/www.semanariolocal.cl\/index.php?rest_route=\/wp\/v2\/types\/post"}],"author":[{"embeddable":true,"href":"https:\/\/www.semanariolocal.cl\/index.php?rest_route=\/wp\/v2\/users\/1"}],"replies":[{"embeddable":true,"href":"https:\/\/www.semanariolocal.cl\/index.php?rest_route=%2Fwp%2Fv2%2Fcomments&post=8570"}],"version-history":[{"count":2,"href":"https:\/\/www.semanariolocal.cl\/index.php?rest_route=\/wp\/v2\/posts\/8570\/revisions"}],"predecessor-version":[{"id":8574,"href":"https:\/\/www.semanariolocal.cl\/index.php?rest_route=\/wp\/v2\/posts\/8570\/revisions\/8574"}],"wp:featuredmedia":[{"embeddable":true,"href":"https:\/\/www.semanariolocal.cl\/index.php?rest_route=\/wp\/v2\/media\/8573"}],"wp:attachment":[{"href":"https:\/\/www.semanariolocal.cl\/index.php?rest_route=%2Fwp%2Fv2%2Fmedia&parent=8570"}],"wp:term":[{"taxonomy":"category","embeddable":true,"href":"https:\/\/www.semanariolocal.cl\/index.php?rest_route=%2Fwp%2Fv2%2Fcategories&post=8570"},{"taxonomy":"post_tag","embeddable":true,"href":"https:\/\/www.semanariolocal.cl\/index.php?rest_route=%2Fwp%2Fv2%2Ftags&post=8570"}],"curies":[{"name":"wp","href":"https:\/\/api.w.org\/{rel}","templated":true}]}}