{"id":8567,"date":"2022-10-06T17:57:00","date_gmt":"2022-10-06T20:57:00","guid":{"rendered":"https:\/\/www.semanariolocal.cl\/?p=8567"},"modified":"2022-10-07T11:01:15","modified_gmt":"2022-10-07T14:01:15","slug":"municipio-exigira-compartir-gastos-al-mineduc-para-alumnos-del-liceo-carmela-carvajal","status":"publish","type":"post","link":"https:\/\/www.semanariolocal.cl\/?p=8567","title":{"rendered":"Municipio exigir\u00e1 compartir gastos al Mineduc para alumnos del Liceo Carmela Carvajal"},"content":{"rendered":"\n<p>Alcalde Emeterio Carrillo se\u00f1al\u00f3 que para cumplir con las exigencias del Mineduc, respecto al Plan de Contingencia 2023, y asegurar a los estudiantes de este emblem\u00e1tico liceo osornino las condiciones necesarias para cumplir con sus estudios regulares, es necesario sumar voluntades e inversi\u00f3n p\u00fablica, <strong>\u201cmientras se avanza paralelamente en la soluci\u00f3n a los temas administrativos que permitan licitar las partidas pendientes de este proyecto de reposici\u00f3n, que se vio afectado tras la quiebra de la empresa que se hab\u00eda adjudicado la obra\u201d<\/strong>, dijo el edil.<\/p>\n\n\n\n<p>La autoridad comunal se volvi\u00f3 a reunir con la Seremi de Educaci\u00f3n, Daniela Carvacho, y representantes del Gobierno Regional de Los Lagos, entidad que financia la obra, para trazar y comprometer responsabilidades conjuntas de manera levantar un Plan de Contingencia a\u00f1o 2023 que cumpla con las expectativas de la comunidad escolar, y que al mismo tiempo ofrezca a los alumnos los requerimientos que demanda el Mineduc.<\/p>\n\n\n\n<p>Entre las gestiones comprometidas por el municipio, estar\u00eda eltransporte escolar para los menores m\u00e1s vulnerables, particularmente en meses de invierno. Adem\u00e1s, se arrendar\u00e1n dependencias para el trabajo de los docentes del liceo Carmela Carvajal y Liceo Eleuterio Ram\u00edrez, y dejar el recinto que hoy alberga a los estudiantes s\u00f3lo para las clases lectivas y administrativas.<\/p>\n\n\n\n<p>Agreg\u00f3 Carrillo que,<strong><em> \u201ctambi\u00e9n se evaluar\u00e1 la factibilidad de desafectar el Gimnasio del proyecto de reposici\u00f3n del liceo Carmela Carvajal de Prat, para que los j\u00f3venes puedan realizar sus clases de educaci\u00f3n f\u00edsica y talleres deportivos, en dicho lugar, y se contratar\u00e1 seguridad privada para brindar tranquilidad en el recinto\u201d.<\/em><\/strong><strong><em><\/em><\/strong><\/p>\n\n\n\n<p>Por su parte, la Seremi de Educaci\u00f3n manifest\u00f3 que <strong>\u201c<em>como serem\u00eda estamos gestionando la visita del Subsecretario de Educaci\u00f3n a Osorno, para aunar esfuerzos por dar soluciones reales a esta problem\u00e1tica que afecta a la comunidad del liceo Carmela Carvajal de Prat\u201d.<\/em><\/strong><\/p>\n\n\n\n<p>En tanto, el jefe del Departamento Jur\u00eddico del Gobierno Regional, Alejandro Mac\u00edas, se\u00f1al\u00f3 que \u201c<strong><em>para el Gobernador Regional, Patricio Vallesp\u00edn, la complejidad que evidencia hoy las obras del establecimiento y la situaci\u00f3n que vive la comunidad educativa del Liceo Carmela Carvajal de Prat, es un tema prioritario, por lo que se trabaja en las acciones tendientes a liquidar la obra y prontamente licitar las partidas pendientes. Asimismo, nos hemos comprometido a evaluar si el marco normativo nos permite incorporar nuevos \u00edtems que vayan en la l\u00ednea de apoyo econ\u00f3mico del plan de contingencia propuesto<\/em><\/strong>\u201d.&nbsp;<\/p>\n","protected":false},"excerpt":{"rendered":"<p>Alcalde Emeterio Carrillo se\u00f1al\u00f3 que para cumplir con las exigencias del Mineduc, respecto al Plan de Contingencia 2023, y asegurar a los estudiantes de este emblem\u00e1tico liceo osornino las condiciones necesarias para cumplir con sus estudios regulares, es necesario sumar voluntades e inversi\u00f3n p\u00fablica, \u201cmientras se avanza paralelamente en la soluci\u00f3n a los temas administrativos&#8230;<a class=\"btnReadMore\" href=\"https:\/\/www.semanariolocal.cl\/?p=8567\"> Leer M\u00e1s<\/a><\/p>\n","protected":false},"author":1,"featured_media":8568,"comment_status":"closed","ping_status":"closed","sticky":false,"template":"","format":"standard","meta":{"footnotes":""},"categories":[8],"tags":[],"class_list":["post-8567","post","type-post","status-publish","format-standard","has-post-thumbnail","hentry","category-comunas"],"_links":{"self":[{"href":"https:\/\/www.semanariolocal.cl\/index.php?rest_route=\/wp\/v2\/posts\/8567","targetHints":{"allow":["GET"]}}],"collection":[{"href":"https:\/\/www.semanariolocal.cl\/index.php?rest_route=\/wp\/v2\/posts"}],"about":[{"href":"https:\/\/www.semanariolocal.cl\/index.php?rest_route=\/wp\/v2\/types\/post"}],"author":[{"embeddable":true,"href":"https:\/\/www.semanariolocal.cl\/index.php?rest_route=\/wp\/v2\/users\/1"}],"replies":[{"embeddable":true,"href":"https:\/\/www.semanariolocal.cl\/index.php?rest_route=%2Fwp%2Fv2%2Fcomments&post=8567"}],"version-history":[{"count":1,"href":"https:\/\/www.semanariolocal.cl\/index.php?rest_route=\/wp\/v2\/posts\/8567\/revisions"}],"predecessor-version":[{"id":8569,"href":"https:\/\/www.semanariolocal.cl\/index.php?rest_route=\/wp\/v2\/posts\/8567\/revisions\/8569"}],"wp:featuredmedia":[{"embeddable":true,"href":"https:\/\/www.semanariolocal.cl\/index.php?rest_route=\/wp\/v2\/media\/8568"}],"wp:attachment":[{"href":"https:\/\/www.semanariolocal.cl\/index.php?rest_route=%2Fwp%2Fv2%2Fmedia&parent=8567"}],"wp:term":[{"taxonomy":"category","embeddable":true,"href":"https:\/\/www.semanariolocal.cl\/index.php?rest_route=%2Fwp%2Fv2%2Fcategories&post=8567"},{"taxonomy":"post_tag","embeddable":true,"href":"https:\/\/www.semanariolocal.cl\/index.php?rest_route=%2Fwp%2Fv2%2Ftags&post=8567"}],"curies":[{"name":"wp","href":"https:\/\/api.w.org\/{rel}","templated":true}]}}