{"id":8562,"date":"2022-10-06T14:00:00","date_gmt":"2022-10-06T17:00:00","guid":{"rendered":"https:\/\/www.semanariolocal.cl\/?p=8562"},"modified":"2022-10-07T10:54:27","modified_gmt":"2022-10-07T13:54:27","slug":"novedosa-campana-busca-dar-nombre-a-jardin-infantil-junji-ubicado-en-centro-de-osorno","status":"publish","type":"post","link":"https:\/\/www.semanariolocal.cl\/?p=8562","title":{"rendered":"Novedosa campa\u00f1a busca dar nombre a jard\u00edn infantil JUNJI ubicado en centro de osorno"},"content":{"rendered":"\n<p>En etapa final del proceso de Participaci\u00f3n Ciudadana de JUNJI, llamado \u201cPonle Nombre a tu Jard\u00edn\u201d, se encuentra el jard\u00edn infantil m\u00e1s grande de la regi\u00f3n de Los Lagos, hasta ahora llamado \u201cOsorno Centro\u201d y que cuenta con una matr\u00edcula de 192 p\u00e1rvulos.<\/p>\n\n\n\n<p>Las propuestas para el moderno centro educativo fueron elegidas en etapas anteriores, tanto por los funcionarios, apoderados y los mismos ni\u00f1os y ni\u00f1as del establecimiento, las cuales ser\u00e1n seleccionadas por votaci\u00f3n abierta a toda la comunidad la pr\u00f3xima semana.<\/p>\n\n\n\n<p>Jessica Mancilla, encargada del jard\u00edn infantil \u201cOsorno Centro\u201d, explic\u00f3 que dicha instancia busca cambiar su actual nombre debido a que hace alusi\u00f3n al proyecto de construcci\u00f3n y as\u00ed poder tener una identidad propia. \u201cDe esa forma, el evento participativo est\u00e1 dirigido a todas las personas que forman parte del jard\u00edn infantil y de la comunidad en general, entre ellos, nuestras redes locales como Carabineros, Bomberos y Centros de Salud\u201d, acot\u00f3.<\/p>\n\n\n\n<p>En tanto, la coordinadora de JUNJI Osorno, Claudia Hornig, invit\u00f3 a todas las familias y ciudadan\u00eda a poder participar de este importante proceso democr\u00e1tico y participativo, que se desarrollar\u00e1 el pr\u00f3ximo viernes 14 de octubre (desde las 8:30 a 15:00 horas), el cual ser\u00e1 tanto en modalidad presencial (en el establecimiento de calle Bulnes N\u00b01030) y como online para las personas que no puedan asistir a la cita.<\/p>\n\n\n\n<figure class=\"wp-block-embed is-type-video is-provider-youtube wp-block-embed-youtube wp-embed-aspect-16-9 wp-has-aspect-ratio\"><div class=\"wp-block-embed__wrapper\">\n<ul class=\"bxslider-vid\"><li><iframe loading=\"lazy\" title=\"Un nombre para jard\u00edn infantil Osorno Centro\" width=\"1778\" height=\"1000\" src=\"https:\/\/www.youtube.com\/embed\/WS3pg_OQ2jk?feature=oembed\" frameborder=\"0\" allow=\"accelerometer; autoplay; clipboard-write; encrypted-media; gyroscope; picture-in-picture\" allowfullscreen><\/iframe><\/li><\/ul>\n<\/div><\/figure>\n","protected":false},"excerpt":{"rendered":"<p>La instituci\u00f3n dio a conocer las tres propuestas de nombre de la moderna unidad educativa -Araucaria de Colores, Castillo de Colores y Cumbre de Colores-, las cuales deber\u00e1n ser votadas por la ciudadan\u00eda el pr\u00f3ximo viernes 14 de octubre.<\/p>\n","protected":false},"author":1,"featured_media":8563,"comment_status":"closed","ping_status":"closed","sticky":false,"template":"","format":"standard","meta":{"footnotes":""},"categories":[3,11],"tags":[],"class_list":["post-8562","post","type-post","status-publish","format-standard","has-post-thumbnail","hentry","category-al-dia","category-educacion"],"_links":{"self":[{"href":"https:\/\/www.semanariolocal.cl\/index.php?rest_route=\/wp\/v2\/posts\/8562","targetHints":{"allow":["GET"]}}],"collection":[{"href":"https:\/\/www.semanariolocal.cl\/index.php?rest_route=\/wp\/v2\/posts"}],"about":[{"href":"https:\/\/www.semanariolocal.cl\/index.php?rest_route=\/wp\/v2\/types\/post"}],"author":[{"embeddable":true,"href":"https:\/\/www.semanariolocal.cl\/index.php?rest_route=\/wp\/v2\/users\/1"}],"replies":[{"embeddable":true,"href":"https:\/\/www.semanariolocal.cl\/index.php?rest_route=%2Fwp%2Fv2%2Fcomments&post=8562"}],"version-history":[{"count":2,"href":"https:\/\/www.semanariolocal.cl\/index.php?rest_route=\/wp\/v2\/posts\/8562\/revisions"}],"predecessor-version":[{"id":8566,"href":"https:\/\/www.semanariolocal.cl\/index.php?rest_route=\/wp\/v2\/posts\/8562\/revisions\/8566"}],"wp:featuredmedia":[{"embeddable":true,"href":"https:\/\/www.semanariolocal.cl\/index.php?rest_route=\/wp\/v2\/media\/8563"}],"wp:attachment":[{"href":"https:\/\/www.semanariolocal.cl\/index.php?rest_route=%2Fwp%2Fv2%2Fmedia&parent=8562"}],"wp:term":[{"taxonomy":"category","embeddable":true,"href":"https:\/\/www.semanariolocal.cl\/index.php?rest_route=%2Fwp%2Fv2%2Fcategories&post=8562"},{"taxonomy":"post_tag","embeddable":true,"href":"https:\/\/www.semanariolocal.cl\/index.php?rest_route=%2Fwp%2Fv2%2Ftags&post=8562"}],"curies":[{"name":"wp","href":"https:\/\/api.w.org\/{rel}","templated":true}]}}