{"id":8552,"date":"2022-10-06T11:15:00","date_gmt":"2022-10-06T14:15:00","guid":{"rendered":"https:\/\/www.semanariolocal.cl\/?p=8552"},"modified":"2022-10-06T23:43:05","modified_gmt":"2022-10-07T02:43:05","slug":"5-mil-millones-de-pesos-se-destinaran-para-servicios-de-transporte-escolar-gratuito","status":"publish","type":"post","link":"https:\/\/www.semanariolocal.cl\/?p=8552","title":{"rendered":"5 mil millones de pesos se destinar\u00e1n  para servicios de transporte escolar gratuito"},"content":{"rendered":"\n<p>Con el objeto de garantizar la conectividad y el acceso a aprendizaje de cerca de <strong>9200 <\/strong>ni\u00f1os y ni\u00f1as pertenecientes a localidades apartadas de la Regi\u00f3n de Los Lagos, el Ministerio de Transportes y Telecomunicaciones inici\u00f3 un proceso de licitaci\u00f3n p\u00fablica para <strong>37 de los 149<\/strong> servicios de transporte escolar gratuito destinados a la regi\u00f3n para el pr\u00f3ximo a\u00f1o.<\/p>\n\n\n\n<p>Los operadores que deseen postular a la adjudicaci\u00f3n de estos servicios -financiados a trav\u00e9s de la Ley del Subsidio al Transporte P\u00fablico- pueden realizarlo desde el <strong>martes 4 <\/strong>hasta el <strong>mi\u00e9rcoles 25<\/strong> de octubre, para trasladar de lunes a viernes a estudiantes de distintas zonas, entre sus establecimientos educacionales y sus hogares.<\/p>\n\n\n\n<p>El seremi Pablo Joost, se\u00f1al\u00f3 que el Ministerio destinar\u00e1 para el a\u00f1o 2023 m\u00e1s de <strong>5 mil millones<\/strong> de pesos para garantizar que las y los estudiantes de la regi\u00f3n cuenten con transporte gratuito, seguro y en \u00f3ptimas condiciones; por lo que hizo un llamado a que los transportistas participen del proceso y revisen el detalle de los recorridos.<\/p>\n\n\n\n<p>\u201cTenemos un compromiso permanente con las familias de nuestra zona y el desaf\u00edo de trabajar en mejorar los recorridos con los cuales contamos como MTT e ir incorporando adem\u00e1s nuevos servicios, all\u00ed donde se requieren, para garantizar que el derecho a la educaci\u00f3n de todos y todas tambi\u00e9n se materialice a trav\u00e9s de un acceso efectivo a \u00e9l\u201d.<\/p>\n\n\n\n<p>Pablo Joost, detall\u00f3 que estos <strong>37 servicios<\/strong> en licitaci\u00f3n corresponden a las comunas de Ancud, Castro, Chait\u00e9n, Cocham\u00f3, Dalcahue, Futaleuf\u00fa, Hualaihu\u00e9, Los Muermos, Osorno, Palena, Puerto Varas, Puqueld\u00f3n, Purranque, Puyehue, Queilen, Quinchao, Quell\u00f3n y San Juan de la Costa y completan la operaci\u00f3n de <strong>149 servicios en total<\/strong>, incrementando el presupuesto de la cartera a nivel regional <strong>a 5 mil<\/strong><strong> millones de pesos anuales <\/strong>para este \u00edtem.<\/p>\n\n\n\n<p>Los transportistas que cumplan con los requisitos para prestar este tipo de servicios y est\u00e9n interesados en participar del proceso pueden postular de manera&nbsp; on line, a trav\u00e9s del sitio <a href=\"about:blank\">www.dtpr.gob.cl<\/a><\/p>\n\n\n\n<ul class=\"wp-block-list\"><li>Listado de los 37 servicios de transporte escolar que se encuentran en licitaci\u00f3n<\/li><\/ul>\n\n\n\n<figure class=\"wp-block-table is-style-stripes\"><table><tbody><tr><td><strong>ID<\/strong><\/td><td><strong>COMUNA(S)<\/strong><\/td><td><strong>ESTABLECIMIENTO(S)<\/strong><\/td><td><strong>ALUMNOS<\/strong><\/td><td><strong>VEH\u00cdCULOS<\/strong><\/td><\/tr><tr><td>CTE1556<\/td><td>ANCUD<\/td><td>ESCUELA RURAL BAH\u00cdA LINAO<\/td><td>79<\/td><td>3<\/td><\/tr><tr><td>CTE0708<\/td><td>CASTRO<\/td><td>ESCUELA RURAL QUILQUICO<\/td><td>114<\/td><td>4<\/td><\/tr><tr><td>CTE2052<\/td><td>CHAIT\u00c9N<\/td><td>ESCUELA RURAL AYACARA<\/td><td>61<\/td><td>2<\/td><\/tr><tr><td>CTE2053<\/td><td>CHAIT\u00c9N<\/td><td>ESCUELA RURAL HUEQUE, ESCUELA RURAL, POYO<\/td><td>21<\/td><td>2<\/td><\/tr><tr><td>CTE2054<\/td><td>CHAIT\u00c9N<\/td><td>ESCUELA ALMIRANTE JUAN JOS\u00c9 LATORRE<\/td><td>94<\/td><td>2<\/td><\/tr><tr><td>CTE0779<\/td><td>COCHAM\u00d3<\/td><td>ESCUELA RURAL R\u00cdO PUELO<\/td><td>81<\/td><td>3<\/td><\/tr><tr><td>CTE2029<\/td><td>COCHAM\u00d3<\/td><td>ESCUELA B\u00c1SICA FRONTERIZA JUAN SOLER MANFREDINI<\/td><td>20<\/td><td>1<\/td><\/tr><tr><td>CTE2030<\/td><td>COCHAM\u00d3<\/td><td>ESCUELA B\u00c1SICA FRONTERIZA JUAN SOLER MANFREDINI<\/td><td>85<\/td><td>2<\/td><\/tr><tr><td>CTE1989<\/td><td>DALCAHUE<\/td><td>ESCUELA B\u00c1SICA DALCAHUE; LICEO POLIVALENTE, DALCAHUE<\/td><td>38<\/td><td>2<\/td><\/tr><tr><td>CTE1366<\/td><td>FUTALEUFU<\/td><td>ESCUELA RURAL EL L\u00cdMITE; ESCUELA RURAL LONCONAO<\/td><td>38<\/td><td>2<\/td><\/tr><tr><td>CTE1618<\/td><td>HUALAIHU\u00c9<\/td><td>ESCUELA RURAL MA\u00d1IHUEICO<\/td><td>8<\/td><td>1<\/td><\/tr><tr><td>CTE2055<\/td><td>HUALAIHU\u00c9<\/td><td>COLEGIO MAURICIO HITCHCOCK<\/td><td>131<\/td><td>3<\/td><\/tr><tr><td>CTE2056<\/td><td>HUALAIHU\u00c9<\/td><td>COLEGIO MAURICIO HITCHCOCK<\/td><td>68<\/td><td>2<\/td><\/tr><tr><td>CTE2057<\/td><td>HUALAIHU\u00c9<\/td><td>COLEGIO MAURICIO HITCHCOCK<\/td><td>86<\/td><td>2<\/td><\/tr><tr><td>CTE0698<\/td><td>LOS MUERMOS<\/td><td>ESCUELA RURAL MANUEL GATICA ARRIAGADA<\/td><td>49<\/td><td>3<\/td><\/tr><tr><td>CTE1888<\/td><td>LOS MUERMOS<\/td><td>ESCUELA RURAL PARAGUAY CHICO<\/td><td>21<\/td><td>2<\/td><\/tr><tr><td>CTE2058<\/td><td>OSORNO<\/td><td>ESCUELA RURAL CANCHA LARGA<\/td><td>58<\/td><td>3<\/td><\/tr><tr><td>CTE2059<\/td><td>OSORNO<\/td><td>ESCUELA RURAL CANCHA LARGA<\/td><td>47<\/td><td>2<\/td><\/tr><tr><td>CTE0576<\/td><td>PALENA<\/td><td>ESCUELA ROBERTO WHITE GESELL;ESCUELA RURAL EL TIGRE<\/td><td>38<\/td><td>3<\/td><\/tr><tr><td>CTE1625<\/td><td>PALENA<\/td><td>ESCUELA RURAL FRONTERIZA<\/td><td>12<\/td><td>1<\/td><\/tr><tr><td>CTE0573<\/td><td>PUERTO VARAS<\/td><td>COLEGIO VENCEDOR<\/td><td>132<\/td><td>3<\/td><\/tr><tr><td>CTE0678<\/td><td>PUQUELD\u00d3N<\/td><td>ESCUELA RURAL SAN JUAN DE LINCAY; ESCUELA PUQUELD\u00d3N<\/td><td>29<\/td><td>2<\/td><\/tr><tr><td>CTE1197<\/td><td>PURRANQUE<\/td><td>ESCUELA RURAL NUEVA ISRAEL<\/td><td>50<\/td><td>3<\/td><\/tr><tr><td>CTE1627<\/td><td>PUYEHUE<\/td><td>ESCUELA RURAL ARMANDO SCEUCH<\/td><td>88<\/td><td>3<\/td><\/tr><tr><td>CTE1628<\/td><td>PUYEHUE<\/td><td>ESCUELA RURAL LOS PELLINES<\/td><td>139<\/td><td>5<\/td><\/tr><tr><td>CTE1867<\/td><td>PUYEHUE<\/td><td>LICEO BICENTENARIO PEOPLE HELP PEOPLE DE PILMAIQUEN<\/td><td>30<\/td><td>2<\/td><\/tr><tr><td>CTE2060<\/td><td>QUEIL\u00c9N<\/td><td>LICEO POLIVALENTE DE QUEIL\u00c9N<\/td><td>43<\/td><td>2<\/td><\/tr><tr><td>CTE2061<\/td><td>QUEIL\u00c9N<\/td><td>ESCUELA CHILHUE, LICEO POLIVALENTE, QUEIL\u00c9N<\/td><td>52<\/td><td>2<\/td><\/tr><tr><td>CTE1547<\/td><td>QUELL\u00d3N<\/td><td>LICEO RAYEN MAPU; LICEO POLIT\u00c9CNICO DE QUELL\u00d3N; LICEO ALTA EXIGENCIA PAULO FREIRE<\/td><td>127<\/td><td>3<\/td><\/tr><tr><td>CTE1189<\/td><td>QUINCHAO<\/td><td>LICEO BICENTENARIO INSULAR DE ACHAO<\/td><td>74<\/td><td>3<\/td><\/tr><tr><td>CTE2062<\/td><td>QUINCHAO<\/td><td>LICEO BICENTENARIO INSULAR DE ACHAO<\/td><td>128<\/td><td>4<\/td><\/tr><tr><td>CTE2013<\/td><td>SAN JUAN DE LA COSTA<\/td><td>COLEGIO T\u00c9CNICO PROFESIONAL MISI\u00d3N SAN JUAN DE LA COSTA<\/td><td>112<\/td><td>4<\/td><\/tr><tr><td>CTE2063<\/td><td>SAN JUAN DE LA COSTA<\/td><td>ESCUELA RURAL DE PUAUCHO; LICEO POLIT\u00c9CNICO ANTULAFQUEN<\/td><td>145<\/td><td>4<\/td><\/tr><tr><td>CTE2064<\/td><td>SAN JUAN DE LA COSTA<\/td><td>ESCUELA RURAL DE PUAUCHO; LICEO POLIT\u00c9CNICO ANTULAFQUEN<\/td><td>51<\/td><td>3<\/td><\/tr><tr><td>CTE2065<\/td><td>SAN JUAN DE LA COSTA<\/td><td>ESCUELA RURAL DE PUAUCHO; LICEO POLIT\u00c9CNICO ANTULAFQUEN<\/td><td>72<\/td><td>3<\/td><\/tr><tr><td>CTE0658<\/td><td>SAN PABLO<\/td><td>ESCUELA RURAL VILLA CARACOL<\/td><td>8<\/td><td>1<\/td><\/tr><tr><td>CTE1587<\/td><td>SAN PABLO<\/td><td>COLEGIO QUILACAHUIN<\/td><td>65<\/td><td>3<\/td><\/tr><\/tbody><\/table><\/figure>\n","protected":false},"excerpt":{"rendered":"<p>\u2022\t37 de un total de 149 servicios se encuentran en proceso de licitaci\u00f3n, los que beneficiar\u00e1n a un total de 9200 ni\u00f1os y ni\u00f1as de sectores rurales y apartados del territorio. Los transportistas interesados en participar del proceso tienen plazo hasta el 26 de octubre para presentar sus postulaciones de manera online<\/p>\n","protected":false},"author":1,"featured_media":8554,"comment_status":"closed","ping_status":"closed","sticky":false,"template":"","format":"standard","meta":{"footnotes":""},"categories":[3],"tags":[],"class_list":["post-8552","post","type-post","status-publish","format-standard","has-post-thumbnail","hentry","category-al-dia"],"_links":{"self":[{"href":"https:\/\/www.semanariolocal.cl\/index.php?rest_route=\/wp\/v2\/posts\/8552","targetHints":{"allow":["GET"]}}],"collection":[{"href":"https:\/\/www.semanariolocal.cl\/index.php?rest_route=\/wp\/v2\/posts"}],"about":[{"href":"https:\/\/www.semanariolocal.cl\/index.php?rest_route=\/wp\/v2\/types\/post"}],"author":[{"embeddable":true,"href":"https:\/\/www.semanariolocal.cl\/index.php?rest_route=\/wp\/v2\/users\/1"}],"replies":[{"embeddable":true,"href":"https:\/\/www.semanariolocal.cl\/index.php?rest_route=%2Fwp%2Fv2%2Fcomments&post=8552"}],"version-history":[{"count":1,"href":"https:\/\/www.semanariolocal.cl\/index.php?rest_route=\/wp\/v2\/posts\/8552\/revisions"}],"predecessor-version":[{"id":8555,"href":"https:\/\/www.semanariolocal.cl\/index.php?rest_route=\/wp\/v2\/posts\/8552\/revisions\/8555"}],"wp:featuredmedia":[{"embeddable":true,"href":"https:\/\/www.semanariolocal.cl\/index.php?rest_route=\/wp\/v2\/media\/8554"}],"wp:attachment":[{"href":"https:\/\/www.semanariolocal.cl\/index.php?rest_route=%2Fwp%2Fv2%2Fmedia&parent=8552"}],"wp:term":[{"taxonomy":"category","embeddable":true,"href":"https:\/\/www.semanariolocal.cl\/index.php?rest_route=%2Fwp%2Fv2%2Fcategories&post=8552"},{"taxonomy":"post_tag","embeddable":true,"href":"https:\/\/www.semanariolocal.cl\/index.php?rest_route=%2Fwp%2Fv2%2Ftags&post=8552"}],"curies":[{"name":"wp","href":"https:\/\/api.w.org\/{rel}","templated":true}]}}