{"id":8545,"date":"2022-10-05T22:57:36","date_gmt":"2022-10-06T01:57:36","guid":{"rendered":"https:\/\/www.semanariolocal.cl\/?p=8545"},"modified":"2022-10-05T22:57:36","modified_gmt":"2022-10-06T01:57:36","slug":"senador-gaston-saavedraliberar-a-cabecilla-y-detenidos-por-trafico-de-madera-es-pesima-senal","status":"publish","type":"post","link":"https:\/\/www.semanariolocal.cl\/?p=8545","title":{"rendered":"Senador Gast\u00f3n Saavedra:\u00bbLiberar a cabecilla y detenidos por tr\u00e1fico de madera es p\u00e9sima se\u00f1al\u00bb"},"content":{"rendered":"\n<p>El Senador por el B\u00edo B\u00edo; Gast\u00f3n Saavedra,&nbsp; lament\u00f3 la liberaci\u00f3n del cabecilla y dos integrantes de una banda dedicada al&nbsp;robo de madera en la provincia de Arauco.<\/p>\n\n\n\n<p>En este sentido el parlamentario dijo que \u00abes inaudito y una p\u00e9sima se\u00f1al de parte del poder judicial no pedir prisi\u00f3n preventiva para estas personas que han sido individualizadas y que est\u00e1n&nbsp;relacionadas con el tr\u00e1fico de madera\u00bb.<\/p>\n\n\n\n<p>\u00abSin querer inmiscuirme&nbsp;en un poder aut\u00f3nomo y m\u00e1s all\u00e1 de alg\u00fan tecnicismo legal me parece que los tribunales y la fiscal\u00eda deben comprender que hay que dar se\u00f1ales claras y potentes para quienes cometen este tipo de delitos. Aqu\u00ed hablamos de actos violentos que causan temor en la gente y no pueden quedar impunes\u00bb, dijo Saavedra.<\/p>\n\n\n\n<p>Sobre este mismo punto el Senador por el B\u00edo B\u00edo&nbsp;agreg\u00f3 que \u00abtodos debemos remar para el mismo lado y perseguir estos delitos. No puede quedar la sensaci\u00f3n de que estas personas quedan sin castigo\u00bb.<\/p>\n\n\n\n<p>\u00abAqu\u00ed esperamos que la fiscal\u00eda y autoridades corrijan el camino. Hay que perseguir con todas las herramientas posibles a estas bandas que tienen atemorizadas a las personas de la provincia de Arauco y B\u00edo B\u00edo\u00bb, concluy\u00f3 el Senador Gast\u00f3n Saavedra&nbsp;&nbsp;<\/p>\n","protected":false},"excerpt":{"rendered":"<p>El parlamentario por el B\u00edo B\u00edo agreg\u00f3 lament\u00f3 que la fiscal\u00eda no haya solicitado la prisi\u00f3n preventiva en contra de los detenidos.<\/p>\n","protected":false},"author":1,"featured_media":8546,"comment_status":"closed","ping_status":"closed","sticky":false,"template":"","format":"standard","meta":{"footnotes":""},"categories":[3,6],"tags":[],"class_list":["post-8545","post","type-post","status-publish","format-standard","has-post-thumbnail","hentry","category-al-dia","category-politica"],"_links":{"self":[{"href":"https:\/\/www.semanariolocal.cl\/index.php?rest_route=\/wp\/v2\/posts\/8545","targetHints":{"allow":["GET"]}}],"collection":[{"href":"https:\/\/www.semanariolocal.cl\/index.php?rest_route=\/wp\/v2\/posts"}],"about":[{"href":"https:\/\/www.semanariolocal.cl\/index.php?rest_route=\/wp\/v2\/types\/post"}],"author":[{"embeddable":true,"href":"https:\/\/www.semanariolocal.cl\/index.php?rest_route=\/wp\/v2\/users\/1"}],"replies":[{"embeddable":true,"href":"https:\/\/www.semanariolocal.cl\/index.php?rest_route=%2Fwp%2Fv2%2Fcomments&post=8545"}],"version-history":[{"count":1,"href":"https:\/\/www.semanariolocal.cl\/index.php?rest_route=\/wp\/v2\/posts\/8545\/revisions"}],"predecessor-version":[{"id":8547,"href":"https:\/\/www.semanariolocal.cl\/index.php?rest_route=\/wp\/v2\/posts\/8545\/revisions\/8547"}],"wp:featuredmedia":[{"embeddable":true,"href":"https:\/\/www.semanariolocal.cl\/index.php?rest_route=\/wp\/v2\/media\/8546"}],"wp:attachment":[{"href":"https:\/\/www.semanariolocal.cl\/index.php?rest_route=%2Fwp%2Fv2%2Fmedia&parent=8545"}],"wp:term":[{"taxonomy":"category","embeddable":true,"href":"https:\/\/www.semanariolocal.cl\/index.php?rest_route=%2Fwp%2Fv2%2Fcategories&post=8545"},{"taxonomy":"post_tag","embeddable":true,"href":"https:\/\/www.semanariolocal.cl\/index.php?rest_route=%2Fwp%2Fv2%2Ftags&post=8545"}],"curies":[{"name":"wp","href":"https:\/\/api.w.org\/{rel}","templated":true}]}}