{"id":8539,"date":"2022-10-05T22:43:08","date_gmt":"2022-10-06T01:43:08","guid":{"rendered":"https:\/\/www.semanariolocal.cl\/?p=8539"},"modified":"2022-10-05T22:43:09","modified_gmt":"2022-10-06T01:43:09","slug":"ocde-y-reforma-tributaria-buenas-o-malas-noticias","status":"publish","type":"post","link":"https:\/\/www.semanariolocal.cl\/?p=8539","title":{"rendered":"OCDE y Reforma Tributaria: \u00bfbuenas o malas noticias?"},"content":{"rendered":"\n<p>La mirada que ha dado la OCDE hacia Chile, no s\u00f3lo en materia tributaria, sino tambi\u00e9n en aspectos como crecimiento, productividad y competitividad, es un elemento significativo que considerar. Sin embargo, uno de los puntos que m\u00e1s preocupa en este informe es el relacionado con la recaudaci\u00f3n tributaria, que muestra ser significativamente menor respecto del promedio de los pa\u00edses que la componen. M\u00e1s a\u00fan, este \u00faltimo informe plantea escenarios poco favorables para nuestro pa\u00eds en 2023. Si bien proyecta una inflaci\u00f3n de un 6,4%, menor a la que presentar\u00edamos este 2022, es mayor a la proyectada inicialmente de un 5,2%. Sumado a esto, si bien se prev\u00e9 un crecimiento del PIB en un 1,9% para este 2022, para el 2023 se revertir\u00eda este efecto con una ca\u00edda de un 0,5%. No obstante, la OCDE ve con buenos ojos el actual proyecto de reforma tributaria que est\u00e1 siendo impulsado en nuestro pa\u00eds, indicando que una recaudaci\u00f3n de un 4% del PIB es ambicioso, pero factible, promoviendo la productividad y sostenibilidad y que, con un correcto uso de los ingresos, puede ir en pro del crecimiento e igualdad de oportunidades. Sin embargo, recientes estimaciones se\u00f1alan que esta recaudaci\u00f3n podr\u00eda caer al 3,6% del PIB con la incorporaci\u00f3n de las \u00faltimas indicaciones. Dado lo anterior, si bien no todo son malas noticias para nuestro pa\u00eds, se necesita la voluntad de los distintos sectores pol\u00edticos para poder avanzar. &nbsp;<\/p>\n\n\n\n<p><strong>Leonardo Besoa\u00edn<\/strong> &#8211; <strong>Acad\u00e9mico Escuela Contador P\u00fablico y Auditor<\/strong> &#8211; <strong>Universidad Santo Tom\u00e1s<\/strong><\/p>\n","protected":false},"excerpt":{"rendered":"<p>La mirada que ha dado la OCDE hacia Chile, no s\u00f3lo en materia tributaria, sino tambi\u00e9n en aspectos como crecimiento, productividad y competitividad, es un elemento significativo que considerar. Sin embargo, uno de los puntos que m\u00e1s preocupa en este informe es el relacionado con la recaudaci\u00f3n tributaria, que muestra ser significativamente menor respecto del&#8230;<a class=\"btnReadMore\" href=\"https:\/\/www.semanariolocal.cl\/?p=8539\"> Leer M\u00e1s<\/a><\/p>\n","protected":false},"author":1,"featured_media":8540,"comment_status":"closed","ping_status":"closed","sticky":false,"template":"","format":"standard","meta":{"footnotes":""},"categories":[7],"tags":[],"class_list":["post-8539","post","type-post","status-publish","format-standard","has-post-thumbnail","hentry","category-opinion"],"_links":{"self":[{"href":"https:\/\/www.semanariolocal.cl\/index.php?rest_route=\/wp\/v2\/posts\/8539","targetHints":{"allow":["GET"]}}],"collection":[{"href":"https:\/\/www.semanariolocal.cl\/index.php?rest_route=\/wp\/v2\/posts"}],"about":[{"href":"https:\/\/www.semanariolocal.cl\/index.php?rest_route=\/wp\/v2\/types\/post"}],"author":[{"embeddable":true,"href":"https:\/\/www.semanariolocal.cl\/index.php?rest_route=\/wp\/v2\/users\/1"}],"replies":[{"embeddable":true,"href":"https:\/\/www.semanariolocal.cl\/index.php?rest_route=%2Fwp%2Fv2%2Fcomments&post=8539"}],"version-history":[{"count":1,"href":"https:\/\/www.semanariolocal.cl\/index.php?rest_route=\/wp\/v2\/posts\/8539\/revisions"}],"predecessor-version":[{"id":8541,"href":"https:\/\/www.semanariolocal.cl\/index.php?rest_route=\/wp\/v2\/posts\/8539\/revisions\/8541"}],"wp:featuredmedia":[{"embeddable":true,"href":"https:\/\/www.semanariolocal.cl\/index.php?rest_route=\/wp\/v2\/media\/8540"}],"wp:attachment":[{"href":"https:\/\/www.semanariolocal.cl\/index.php?rest_route=%2Fwp%2Fv2%2Fmedia&parent=8539"}],"wp:term":[{"taxonomy":"category","embeddable":true,"href":"https:\/\/www.semanariolocal.cl\/index.php?rest_route=%2Fwp%2Fv2%2Fcategories&post=8539"},{"taxonomy":"post_tag","embeddable":true,"href":"https:\/\/www.semanariolocal.cl\/index.php?rest_route=%2Fwp%2Fv2%2Ftags&post=8539"}],"curies":[{"name":"wp","href":"https:\/\/api.w.org\/{rel}","templated":true}]}}