{"id":8536,"date":"2022-10-05T22:34:24","date_gmt":"2022-10-06T01:34:24","guid":{"rendered":"https:\/\/www.semanariolocal.cl\/?p=8536"},"modified":"2022-10-05T22:34:24","modified_gmt":"2022-10-06T01:34:24","slug":"variedad-geologica-y-su-relacion-con-la-biodiversidad","status":"publish","type":"post","link":"https:\/\/www.semanariolocal.cl\/?p=8536","title":{"rendered":"Variedad geol\u00f3gica y su relaci\u00f3n con la biodiversidad"},"content":{"rendered":"\n<p>La geograf\u00eda de nuestro pa\u00eds es resultado de cientos de miles de a\u00f1os de m\u00faltiples fen\u00f3menos geol\u00f3gicos que han conformado el variado paisaje de un Chile que cobija monta\u00f1as, lagos, glaciares, desiertos, bosques y grandes campos de hielo.<\/p>\n\n\n\n<p>El pa\u00eds se encuentra en una zona de convergencia de placas tect\u00f3nicas, transform\u00e1ndose en un territorio de gran actividad s\u00edsmica que, durante siglos, ha ido configurando la escarpada geograf\u00eda nacional, sus cordilleras y una gran diversidad geogr\u00e1fica, geol\u00f3gica y mineral.<\/p>\n\n\n\n<p>La falla de San Ram\u00f3n, ubicada entre los r\u00edos Mapocho y Maipo, cruza en casi 50 kil\u00f3metros de extensi\u00f3n comunas tan populosas como Las Condes, La Florida y Puente Alto; lo que genera permanentemente movimientos tel\u00faricos. De acuerdo con los expertos, si hubiera uno de gran magnitud, podr\u00eda causar enormes da\u00f1os en importantes sectores de la Regi\u00f3n Metropolitana.<\/p>\n\n\n\n<p>De la variedad de nuestra base geol\u00f3gica dependen no solo los rasgos del paisaje que observamos en el entorno natural. Tambi\u00e9n es un factor determinante para sustentar la biodiversidad y nuestros ecosistemas; a su vez nos provee una fuente esencial para nuestro bienestar y desarrollo, constituyendo el soporte de la riqueza esc\u00e9nica que nos caracteriza desde el extremo norte hasta la Ant\u00e1rtica.<\/p>\n\n\n\n<p>Las decisiones sobre el uso del suelo y las transformaciones del relieve, tanto en zonas costeras como en la cordillera andina, generan impactos cuyas consecuencias son irreversibles. Por ello, en la medida en que podamos evaluarlas oportunamente, estaremos mejor preparados para reducir los riesgos derivados de un inadecuado manejo de nuestra diversidad geol\u00f3gica y sus efectos sobre las comunidades locales. Chile enfrenta la urgencia de intensificar los esfuerzos para generar informaci\u00f3n y nuevos conocimientos sobre sus procesos y condiciones de sostenibilidad.<\/p>\n\n\n\n<p>El 6 de octubre, precisamente el D\u00eda Internacional de la Geodiversidad, es una fecha que nos invita a la reflexi\u00f3n sobre c\u00f3mo queremos seguir construyendo el espacio que habitamos y el que queremos dejar a quienes lo habitar\u00e1n en el futuro.<\/p>\n\n\n\n<p><strong>Humberto Rivas<\/strong> <strong>Ortega<\/strong> &#8211; <strong>Acad\u00e9mico de Vinculaci\u00f3n con el Medio<\/strong> &#8211; <strong>Facultad de Ciencias de la Naturaleza<\/strong> &#8211; <strong>Universidad San Sebasti\u00e1n<\/strong><\/p>\n","protected":false},"excerpt":{"rendered":"<p>La geograf\u00eda de nuestro pa\u00eds es resultado de cientos de miles de a\u00f1os de m\u00faltiples fen\u00f3menos geol\u00f3gicos que han conformado el variado paisaje de un Chile que cobija monta\u00f1as, lagos, glaciares, desiertos, bosques y grandes campos de hielo. El pa\u00eds se encuentra en una zona de convergencia de placas tect\u00f3nicas, transform\u00e1ndose en un territorio de&#8230;<a class=\"btnReadMore\" href=\"https:\/\/www.semanariolocal.cl\/?p=8536\"> Leer M\u00e1s<\/a><\/p>\n","protected":false},"author":1,"featured_media":8537,"comment_status":"closed","ping_status":"closed","sticky":false,"template":"","format":"standard","meta":{"footnotes":""},"categories":[11],"tags":[],"class_list":["post-8536","post","type-post","status-publish","format-standard","has-post-thumbnail","hentry","category-educacion"],"_links":{"self":[{"href":"https:\/\/www.semanariolocal.cl\/index.php?rest_route=\/wp\/v2\/posts\/8536","targetHints":{"allow":["GET"]}}],"collection":[{"href":"https:\/\/www.semanariolocal.cl\/index.php?rest_route=\/wp\/v2\/posts"}],"about":[{"href":"https:\/\/www.semanariolocal.cl\/index.php?rest_route=\/wp\/v2\/types\/post"}],"author":[{"embeddable":true,"href":"https:\/\/www.semanariolocal.cl\/index.php?rest_route=\/wp\/v2\/users\/1"}],"replies":[{"embeddable":true,"href":"https:\/\/www.semanariolocal.cl\/index.php?rest_route=%2Fwp%2Fv2%2Fcomments&post=8536"}],"version-history":[{"count":1,"href":"https:\/\/www.semanariolocal.cl\/index.php?rest_route=\/wp\/v2\/posts\/8536\/revisions"}],"predecessor-version":[{"id":8538,"href":"https:\/\/www.semanariolocal.cl\/index.php?rest_route=\/wp\/v2\/posts\/8536\/revisions\/8538"}],"wp:featuredmedia":[{"embeddable":true,"href":"https:\/\/www.semanariolocal.cl\/index.php?rest_route=\/wp\/v2\/media\/8537"}],"wp:attachment":[{"href":"https:\/\/www.semanariolocal.cl\/index.php?rest_route=%2Fwp%2Fv2%2Fmedia&parent=8536"}],"wp:term":[{"taxonomy":"category","embeddable":true,"href":"https:\/\/www.semanariolocal.cl\/index.php?rest_route=%2Fwp%2Fv2%2Fcategories&post=8536"},{"taxonomy":"post_tag","embeddable":true,"href":"https:\/\/www.semanariolocal.cl\/index.php?rest_route=%2Fwp%2Fv2%2Ftags&post=8536"}],"curies":[{"name":"wp","href":"https:\/\/api.w.org\/{rel}","templated":true}]}}