{"id":8532,"date":"2022-10-05T22:26:36","date_gmt":"2022-10-06T01:26:36","guid":{"rendered":"https:\/\/www.semanariolocal.cl\/?p=8532"},"modified":"2022-10-05T22:26:36","modified_gmt":"2022-10-06T01:26:36","slug":"graduada-de-magister-ulagos-obtiene-beca-doctoral-para-estudiar-en-reino-unido","status":"publish","type":"post","link":"https:\/\/www.semanariolocal.cl\/?p=8532","title":{"rendered":"Graduada de Mag\u00edster ULagos obtiene beca doctoral para estudiar en Reino Unido"},"content":{"rendered":"\n<p>Entusiasmada y contenta se encuentra la egresada y graduada del mag\u00edster en Ciencias Sociales de la Universidad de Los Lagos, Francisca Vergara, quien tendr\u00e1 la oportunidad de profundizar en experiencias y conocimientos el tema que m\u00e1s la ha apasionado en torno a los desastres socio naturales, los volcanes y, sobre todo, las formas de vida que tienen las familias que viven en territorios rurales en el sur de Chile.<\/p>\n\n\n\n<p>La Mag\u00edster ULagos se adjudic\u00f3 una beca para estudiar el pr\u00f3ximo a\u00f1o un doctorado en el&nbsp;<em>Humanitarian and Conflict Response Institute<\/em>&nbsp;(Instituto de Humanitarismo y Respuesta ante Crisis) de la Universidad de Manchester (Reino Unido). \u201c<em>El doctorado se define como un espacio que indaga \u201ccuestiones humanitarias, de salud mundial, paz y conflicto, y respuesta a desastres\u201d. Entonces tendr\u00e9 la oportunidad de vincular mis estudios de la convivencia sociedad-volcanes con estas otras aristas m\u00e1s relacionadas con el&nbsp;<strong>estudio de las crisis y emergencias.<\/strong>&nbsp;Mi \u00e1rea de estudio abarcar\u00e1 la zona aleda\u00f1a al volc\u00e1n Lonquimay, y estoy considerando contrastar con un caso de estudio en otro lugar volc\u00e1nico de Europa, donde realizar\u00e9 un trabajo etnogr\u00e1fico profundo que nos permita a m\u00ed y a mis tutores comprender los&nbsp;<strong>imaginarios sociales del riesgo volc\u00e1nico que existen all\u00ed<\/strong>, y anticiparnos a reflexionar sobre escenarios tanto de crisis como de cotidianidad en estos ambientes<\/em>\u201d, explica.<\/p>\n\n\n\n<p>Francisca Vergara actualmente forma parte del Grupo de Especialistas en Volcanolog\u00eda de la Sociedad Geol\u00f3gica de Chile (SGCh). \u201c<em>Como antrop\u00f3loga (titulada en la Universidad de Concepci\u00f3n en 2016), busca\u00a0<strong>relevar la necesidad de comprender la realidad social de los territorios expuestos a amenazas naturales a partir de la propia mirada de quienes habitan all\u00ed<\/strong>. Esta manera de entender el riesgo se denomina enfoque etnogr\u00e1fico, lo que representa una puerta de entrada a las percepciones del riesgo y la vulnerabilidad, los sentidos locales, las identidades territoriales y las condiciones de existencia materiales e inmateriales como fuentes para el dise\u00f1o de medidas sostenibles de comunicaci\u00f3n y reducci\u00f3n del riesgo de desastres, elaboradas con sentido y pertinencia para las comunidades\u201d.<\/em><\/p>\n\n\n\n<p>De esta manera, podr\u00e1 profundizar y desarrollar el \u00e1rea de estudio que inici\u00f3 a partir de su tesis de magister en la Universidad de Los Lagos, apoyada por el investigador que fue su tutor el Dr. Andr\u00e9s Mar\u00edn, donde busca profundizar sus estudios socioculturales sobre el riesgo volc\u00e1nico en la ruralidad.<\/p>\n\n\n\n<p>ESTUDIOS<\/p>\n\n\n<div class=\"wp-block-image\">\n<figure class=\"alignleft size-full is-resized\"><img loading=\"lazy\" decoding=\"async\" src=\"https:\/\/www.semanariolocal.cl\/wp-content\/uploads\/2022\/10\/graduada2.jpg\" alt=\"\" class=\"wp-image-8534\" width=\"393\" height=\"602\" srcset=\"https:\/\/www.semanariolocal.cl\/wp-content\/uploads\/2022\/10\/graduada2.jpg 392w, https:\/\/www.semanariolocal.cl\/wp-content\/uploads\/2022\/10\/graduada2-196x300.jpg 196w\" sizes=\"auto, (max-width: 393px) 100vw, 393px\" \/><\/figure>\n<\/div>\n\n\n<p>Su tesis de magister estuvo enfocada en territorios rurales aleda\u00f1os a dos importantes sistemas volc\u00e1nicos del sur de Chile: el grupo volc\u00e1nico\u00a0<strong>Carr\u00e1n-Los Venados (CLV)<\/strong>\u00a0y el complejo volc\u00e1nico\u00a0<strong>Puyehue-Cord\u00f3n Caulle (PCC).<\/strong>\u00a0Estos se localizan entre las regiones de Los R\u00edos y Los Lagos.<\/p>\n\n\n\n<p>\u201c<em>Trabaj\u00e9 en esta zona junto al Dr. Andr\u00e9s Mar\u00edn, quien fue mi tutor, en el marco del proyecto FONDECYT (N\u00b0 11171068) que \u00e9l lideraba. Este proyecto de investigaci\u00f3n fue el que me introdujo en el estudio de los desastres, el cual buscaba explorar lo que sucede precisamente despu\u00e9s de un evento extremo, una crisis o una cat\u00e1strofe. En particular, me interes\u00f3 indagar&nbsp;<strong>por qu\u00e9 las comunidades usualmente regresan y reocupan los territorios volc\u00e1nicos afectados<\/strong>, un escenario que es frecuente en nuestro pa\u00eds. Mi objetivo de investigaci\u00f3n consisti\u00f3 en caracterizar las percepciones del riesgo volc\u00e1nico de comunidades que habitan junto al Puyehue- Cord\u00f3n Caulle y Carr\u00e1n-Los Venados, y determinar principios clave para integrarlos a una reducci\u00f3n del riesgo de desastres a escala local. Mi metodolog\u00eda incluy\u00f3 trabajo de campo etnogr\u00e1fico, entrevistas en profundidad y revisi\u00f3n documental<\/em>.\u201d, explica Francisca.<\/p>\n\n\n\n<p>De acuerdo a lo que se\u00f1ala, su trabajo en estas \u00e1reas abarc\u00f3 espec\u00edficamente localidades cordilleranas de la comuna de&nbsp;<strong>Lago Ranco<\/strong>&nbsp;(Pocura, Pichico y Los Venados), y de la comuna de&nbsp;<strong>Puyehue<\/strong>&nbsp;(sectores El Caulle, Anticura y Pajaritos). Seg\u00fan indica- ambos sistemas volc\u00e1nicos ocupan los primeros lugares del Ranking de Riesgo Espec\u00edfico de Volcanes Activos del SERNAGEOMIN publicado en 2020. Este instrumento incluye un listado con los 14 volcanes de mayor peligro del pa\u00eds (de un total de 90 volcanes activos).<\/p>\n\n\n\n<p><strong>\u00bfDe qu\u00e9 manera las comunidades pueden trabajar desde ahora para evitar riesgos?<\/strong><\/p>\n\n\n\n<p>En ambos casos conoc\u00ed y entrevist\u00e9 a familias dedicadas a la peque\u00f1a ganader\u00eda, agricultura familiar y turismo rural, y personas que trabajan como guardaparques y empresarios de&nbsp;<em>turismo de intereses especiales&nbsp;<\/em>enfocado principalmente en el ascenso a los cr\u00e1teres del Cord\u00f3n Caulle y los dem\u00e1s volcanes. Mi investigaci\u00f3n me permiti\u00f3 evidenciar que las comunidades rurales que desarrollan modos de vida junto a volcanes dependen en m\u00faltiples sentidos de los&nbsp;<strong>beneficios<\/strong>&nbsp;que estos ambientes les proveen, lo que influye en que construyan&nbsp;<strong>percepciones del riesgo alineadas a imaginar un futuro en el mismo lugar,<\/strong>&nbsp;incluso despu\u00e9s de sobrevivir a una o varias erupciones. Cuando en la ruralidad se habla de volcanes, los habitantes suelen activar sus memorias sobre erupciones pasadas y mencionar que \u201cson inevitables\u201d, \u201cimpredecibles\u201d, que pueden ser al mismo tiempo \u201ccatastr\u00f3ficas\u201d y \u201cmajestuosas\u201d. Si bien pueden sentirse vulnerables ante el volc\u00e1n, ambivalencias como estas les llevan a \u201caceptar\u201d el riesgo de enfrentar una futura erupci\u00f3n ante la cual esperan estar mejor preparados que sus antepasados. Entonces, lejos de abandonar sus tierras volc\u00e1nicas en las que tienen sus econom\u00edas locales y un tejido social valioso para ellas, lo que las comunidades rurales buscan es poder habitar de una manera m\u00e1s segura, as\u00ed como se busca crear, por ejemplo, ciudades seguras y resilientes ante terremotos y otros fen\u00f3menos extremos.<\/p>\n\n\n\n<p>Podr\u00eda decir que en los territorios que conoc\u00ed, en Lago Ranco y Puyehue, hay un nicho f\u00e9rtil para trabajar con las comunidades a trav\u00e9s de pol\u00edticas p\u00fablicas que incentiven medidas preventivas ante erupciones volc\u00e1nicas, debido a que all\u00ed ya est\u00e1 presente el anhelo de proteger la vida, el hogar y los recursos de los que dependen. Esta actitud es la base para sostener cualquier estrategia de RRD al interior de una comunidad. Por lo tanto, se trata de familias y personas dispuestas a trabajar de manera conjunta con los servicios y las instituciones encargadas de la gesti\u00f3n del riesgo. Y de todas las edades, por cierto: adultos mayores que poseen un conocimiento local valioso, j\u00f3venes que poseen mayores habilidades con la tecnolog\u00eda, y personas que en general suelen conocer muy bien sus territorios, pudiendo incluso proveer de conocimiento local a las instituciones para un trabajo minucioso y m\u00e1s efectivo, facilitando una mejor vinculaci\u00f3n al interior de la comunidad.<\/p>\n\n\n\n<p><strong>\u00bfHemos aprendido algo con los desastres socio-naturales ocurridos en Chile?<\/strong><\/p>\n\n\n\n<p>En mi opini\u00f3n creo que s\u00ed. Sobre los aprendizajes que nos dejan los desastres, uno de los resultados relevantes de mi tesis fue poder constatar que existen&nbsp;<strong>condiciones de vulnerabilidad territorial preexistentes a una erupci\u00f3n<\/strong>, muy asociadas a la precariedad que caracteriza a ciertos territorios rurales, las cuales al no ser atendidas ni transformadas por pol\u00edticas p\u00fablicas (y la sociedad en general) pueden mantenerse incluso despu\u00e9s, hasta que nuevamente una siguiente erupci\u00f3n vuelve a hacerlas evidentes. Estas vulnerabilidades, construidas progresivamente, son las que influyen tanto en el tipo de impactos que afectan a las comunidades, como en el nivel de recuperaci\u00f3n que logran alcanzar tras superar la crisis volc\u00e1nica. Se expresan, por ejemplo, en los niveles de pobreza variados entre sectores; baja calidad de infraestructuras como caminos, viviendas, servicios de salud rural; aislamiento geogr\u00e1fico; hasta escasa o nula informaci\u00f3n t\u00e9cnica entre la poblaci\u00f3n, incluyendo falta de se\u00f1al\u00e9tica de evacuaci\u00f3n, entre otras.<\/p>\n\n\n\n<p>Al analizar las percepciones del riesgo de quienes conviven con volcanes, pude inferir que los habitantes son conscientes de que&nbsp;<strong>estas condiciones que los hacen vulnerables se sit\u00faan lejos de la naturaleza volc\u00e1nica, y mucho m\u00e1s cerca del tipo de desarrollo territorial<\/strong>&nbsp;y la estructura de oportunidades presente en los sectores de monta\u00f1a.&nbsp;<strong>Las comunidades que viven d\u00eda a d\u00eda presenciando estas condiciones pueden naturalizarlas, pero al mismo tiempo cuestionarlas<\/strong>, como sucedi\u00f3 en las entrevistas que realic\u00e9 para mi tesis. Creo que hacer investigaci\u00f3n en riesgo volc\u00e1nico debe tener impl\u00edcita la b\u00fasqueda de concientizaci\u00f3n no s\u00f3lo sobre los peligros, sino tambi\u00e9n, sobre estos otros aspectos que son propiamente socioculturales. Cuando las personas que viven en riesgo junto a un volc\u00e1n se dan cuenta de que pueden estar mejor preparadas ante escenarios impredecibles, es posible motivar un trabajo colectivo que las incluya como agentes de cambio con una mayor capacidad de vigilancia sobre las capacidades y obst\u00e1culos que poseen para lidiar con la incertidumbre ante amenazas naturales extremas, en una tierra sobre la cual tienen un profundo arraigo.<\/p>\n\n\n\n<p><strong>\u00bfPor qu\u00e9 decidiste estudiar en la ULagos?<\/strong><\/p>\n\n\n\n<p>Nac\u00ed en la comuna de Laja (regi\u00f3n del Biob\u00edo), aunque desde mi ni\u00f1ez hasta ahora he pasado parte de mi vida all\u00ed y otra parte en Malalcahuello, lo que sin dudas ha influido en mi inter\u00e9s por analizar el riesgo volc\u00e1nico en territorios rurales. Estudi\u00e9 en la Universidad de Concepci\u00f3n y luego migr\u00e9 hacia Osorno para realizar mi mag\u00edster en la ULagos. Eleg\u00ed esta casa de estudios porque me interesaba continuar form\u00e1ndome como investigadora en una universidad regional que estuviera m\u00e1s cerca de las realidades sociales de territorios como los del sur de Chile &#8211; rurales, volc\u00e1nicos y aislados. La ULagos y en particular el CEDER cuenta con un gran background en diversos ambientes (costeros, valles, monta\u00f1a, insulares, etc.), lo que se ve reflejado en los numerosos proyectos de investigaci\u00f3n que las y los docentes tienen en curso. Tuve la fortuna de participar en uno de esos proyectos, donde pude compartir dos a\u00f1os junto a docentes que me transmitieron conocimientos valiosos y experiencias que sin duda marcaron mi formaci\u00f3n.&nbsp;&nbsp;&nbsp;<\/p>\n\n\n\n<p>Hoy decido migrar nuevamente, esta vez al extranjero, con la intenci\u00f3n de aprender de profesores que tienen una amplia trayectoria en estos temas en otros contextos del mundo, y luego regresar a Chile&nbsp;<strong>para aportar al dise\u00f1o de formas novedosas de comunicaci\u00f3n y gobernanza del riesgo volc\u00e1nico en nuestra cordillera de Los Andes.<\/strong>&nbsp;Por cierto, que agradezco la oportunidad que tanto la Universidad de Los Lagos y la Universidad de Manchester me han brindado para continuar mi formaci\u00f3n profesional como antrop\u00f3loga en el campo de estudio del riesgo volc\u00e1nico.&nbsp;<\/p>\n","protected":false},"excerpt":{"rendered":"<p>Francisca Vergara es antrop\u00f3loga y se gradu\u00f3 del Mag\u00edster en Ciencias Sociales de la Universidad de Los Lagos. Se especializa en temas sobre desastres socio naturales en territorios del sur de Chile.<\/p>\n","protected":false},"author":1,"featured_media":8533,"comment_status":"closed","ping_status":"closed","sticky":false,"template":"","format":"standard","meta":{"footnotes":""},"categories":[3,11],"tags":[],"class_list":["post-8532","post","type-post","status-publish","format-standard","has-post-thumbnail","hentry","category-al-dia","category-educacion"],"_links":{"self":[{"href":"https:\/\/www.semanariolocal.cl\/index.php?rest_route=\/wp\/v2\/posts\/8532","targetHints":{"allow":["GET"]}}],"collection":[{"href":"https:\/\/www.semanariolocal.cl\/index.php?rest_route=\/wp\/v2\/posts"}],"about":[{"href":"https:\/\/www.semanariolocal.cl\/index.php?rest_route=\/wp\/v2\/types\/post"}],"author":[{"embeddable":true,"href":"https:\/\/www.semanariolocal.cl\/index.php?rest_route=\/wp\/v2\/users\/1"}],"replies":[{"embeddable":true,"href":"https:\/\/www.semanariolocal.cl\/index.php?rest_route=%2Fwp%2Fv2%2Fcomments&post=8532"}],"version-history":[{"count":1,"href":"https:\/\/www.semanariolocal.cl\/index.php?rest_route=\/wp\/v2\/posts\/8532\/revisions"}],"predecessor-version":[{"id":8535,"href":"https:\/\/www.semanariolocal.cl\/index.php?rest_route=\/wp\/v2\/posts\/8532\/revisions\/8535"}],"wp:featuredmedia":[{"embeddable":true,"href":"https:\/\/www.semanariolocal.cl\/index.php?rest_route=\/wp\/v2\/media\/8533"}],"wp:attachment":[{"href":"https:\/\/www.semanariolocal.cl\/index.php?rest_route=%2Fwp%2Fv2%2Fmedia&parent=8532"}],"wp:term":[{"taxonomy":"category","embeddable":true,"href":"https:\/\/www.semanariolocal.cl\/index.php?rest_route=%2Fwp%2Fv2%2Fcategories&post=8532"},{"taxonomy":"post_tag","embeddable":true,"href":"https:\/\/www.semanariolocal.cl\/index.php?rest_route=%2Fwp%2Fv2%2Ftags&post=8532"}],"curies":[{"name":"wp","href":"https:\/\/api.w.org\/{rel}","templated":true}]}}