{"id":8529,"date":"2022-10-05T22:21:07","date_gmt":"2022-10-06T01:21:07","guid":{"rendered":"https:\/\/www.semanariolocal.cl\/?p=8529"},"modified":"2022-10-05T22:21:08","modified_gmt":"2022-10-06T01:21:08","slug":"chile-lidera-el-ranking-de-los-paises-que-mas-le-preocupa-el-crimen-y-la-violencia","status":"publish","type":"post","link":"https:\/\/www.semanariolocal.cl\/?p=8529","title":{"rendered":"Chile lidera el ranking de los pa\u00edses que m\u00e1s le preocupa el crimen y la violencia"},"content":{"rendered":"\n<p>La empresa de estudios de mercado Ipsos lanz\u00f3 su informe mensual \u201c<strong>Preocupaciones del Mundo<\/strong>\u201d, que recoge la percepci\u00f3n de m\u00e1s de 19 mil personas en 27 pa\u00edses sobre los temas que generan mayor inquietud en la ciudadan\u00eda.<\/p>\n\n\n\n<p>El Crimen y la Violencia se mantuvo en septiembre como el tema que m\u00e1s preocupaci\u00f3n genera en los chilenos, pese a disminuir cuatro puntos porcentuales desde agosto y alcanzando un 61% de las menciones. Con este resultado Chile supera ampliamente el promedio global (26%) y se mantiene por segundo mes consecutivo en la primera posici\u00f3n del ranking mundial, superando a pa\u00edses como Per\u00fa (53%), M\u00e9xico (52%) y Suecia (51%).<\/p>\n\n\n\n<p>La preocupaci\u00f3n por la inflaci\u00f3n se mantuvo estable durante septiembre con un 51%. Con esto, nos ubicamos como el segundo pa\u00eds de Latinoam\u00e9rica donde m\u00e1s inquietud genera este tema, solo por detr\u00e1s de Argentina, que lidera con un 65%. Adem\u00e1s, el estudio evidenci\u00f3 que un 82% de los encuestados nacionales considera que la actual situaci\u00f3n econ\u00f3mica es mala.<\/p>\n\n\n\n<p>\u201c<em>Se mantiene el clima de pesimismo entre los chilenos y chilenas, principalmente concentrado en los problemas de la delincuencia y la situaci\u00f3n econ\u00f3mica, con un fuerte impacto de la inflaci\u00f3n. Ambas preocupaciones no ceden y se encuentran muy por sobre el promedio global<\/em>\u201d, indica <strong>Miguel Pinto<\/strong>, Subgerente de Estudios P\u00fablicos de Ipsos.<\/p>\n\n\n\n<p>El Desempleo (28%) se ubic\u00f3 como la tercera preocupaci\u00f3n de los chilenos, subiendo 5 puntos desde agosto. Mientras que la Pobreza y Desigualdad (26%) se ubic\u00f3 como la cuarta preocupaci\u00f3n de los chilenos, manteniendo el mismo porcentaje en relaci\u00f3n con el mes anterior y siendo el pa\u00eds de la regi\u00f3n que menos le preocupa este tema.<\/p>\n\n\n\n<p>\u201c<em>Como la ca\u00edda de la econom\u00eda a\u00fan no tiene un efecto mayor en el mercado del trabajo, la desocupaci\u00f3n se mantiene con un nivel secundario de preocupaci\u00f3n, pero podr\u00eda aumentar en los pr\u00f3ximos meses si entramos en una recesi\u00f3n m\u00e1s profunda<\/em>\u201c, a\u00f1ade Pinto.<\/p>\n\n\n\n<p>Chile resulta comparativamente mejor evaluado que el resto del mundo en preocupaciones como Corrupci\u00f3n Pol\u00edtica\/Financiera, donde ocupa el noveno puesto a nivel global, con un 15%. Solo en pa\u00edses como Suecia, Francia, Alemania, Canad\u00e1, Arabia Saudita e Italia, la corrupci\u00f3n parece ser un tema menos relevante que en Chile.<\/p>\n\n\n\n<p>Por otro lado, ante la pregunta de si el pa\u00eds va bien o mal encaminado, un 70% de los chilenos considera que el pa\u00eds \u201cva por mal camino\u201d, lo que representa 6 puntos m\u00e1s respecto de agosto. De esta forma, Chile supera el promedio global de 64%, y de pa\u00edses como B\u00e9lgica (71%), Francia (74%), Per\u00fa (90%), Argentina (90%), entre otros.<\/p>\n\n\n\n<p>Por su parte, lo que genera menor preocupaci\u00f3n en el pa\u00eds es el Conflicto militar entre naciones (1%); Coronavirus (7%) y Cambio clim\u00e1tico (8%).<\/p>\n\n\n\n<p>El coronavirus alcanza su punto de preocupaci\u00f3n m\u00e1s bajo en el pa\u00eds, con solo un 7% de menciones, justo en medio de los anuncios del Gobierno para eliminar el uso obligatorio de mascarillas y el pase de movilidad.<\/p>\n","protected":false},"excerpt":{"rendered":"<p>\u25cf\tAdem\u00e1s, el 82% de los chilenos son pesimistas sobre su situaci\u00f3n econ\u00f3mica.<\/p>\n","protected":false},"author":1,"featured_media":8530,"comment_status":"closed","ping_status":"closed","sticky":false,"template":"","format":"standard","meta":{"footnotes":""},"categories":[3],"tags":[],"class_list":["post-8529","post","type-post","status-publish","format-standard","has-post-thumbnail","hentry","category-al-dia"],"_links":{"self":[{"href":"https:\/\/www.semanariolocal.cl\/index.php?rest_route=\/wp\/v2\/posts\/8529","targetHints":{"allow":["GET"]}}],"collection":[{"href":"https:\/\/www.semanariolocal.cl\/index.php?rest_route=\/wp\/v2\/posts"}],"about":[{"href":"https:\/\/www.semanariolocal.cl\/index.php?rest_route=\/wp\/v2\/types\/post"}],"author":[{"embeddable":true,"href":"https:\/\/www.semanariolocal.cl\/index.php?rest_route=\/wp\/v2\/users\/1"}],"replies":[{"embeddable":true,"href":"https:\/\/www.semanariolocal.cl\/index.php?rest_route=%2Fwp%2Fv2%2Fcomments&post=8529"}],"version-history":[{"count":1,"href":"https:\/\/www.semanariolocal.cl\/index.php?rest_route=\/wp\/v2\/posts\/8529\/revisions"}],"predecessor-version":[{"id":8531,"href":"https:\/\/www.semanariolocal.cl\/index.php?rest_route=\/wp\/v2\/posts\/8529\/revisions\/8531"}],"wp:featuredmedia":[{"embeddable":true,"href":"https:\/\/www.semanariolocal.cl\/index.php?rest_route=\/wp\/v2\/media\/8530"}],"wp:attachment":[{"href":"https:\/\/www.semanariolocal.cl\/index.php?rest_route=%2Fwp%2Fv2%2Fmedia&parent=8529"}],"wp:term":[{"taxonomy":"category","embeddable":true,"href":"https:\/\/www.semanariolocal.cl\/index.php?rest_route=%2Fwp%2Fv2%2Fcategories&post=8529"},{"taxonomy":"post_tag","embeddable":true,"href":"https:\/\/www.semanariolocal.cl\/index.php?rest_route=%2Fwp%2Fv2%2Ftags&post=8529"}],"curies":[{"name":"wp","href":"https:\/\/api.w.org\/{rel}","templated":true}]}}