{"id":8526,"date":"2022-10-04T20:51:00","date_gmt":"2022-10-04T23:51:00","guid":{"rendered":"https:\/\/www.semanariolocal.cl\/?p=8526"},"modified":"2022-10-04T20:51:01","modified_gmt":"2022-10-04T23:51:01","slug":"diputado-jaime-mulet-acusa-que-fue-involucrado-de-forma-ilicita-en-caso-de-empresa-minera-y-municipalidad-de-tierra-amarilla","status":"publish","type":"post","link":"https:\/\/www.semanariolocal.cl\/?p=8526","title":{"rendered":"Diputado Jaime Mulet acusa que fue involucrado de forma il\u00edcita en caso de empresa minera y Municipalidad de Tierra Amarilla"},"content":{"rendered":"\n<p>En el marco de la investigaci\u00f3n que sostiene la Fiscal\u00eda Regional de Antofagasta en contra del Diputado Jaime Mulet (FREVS), a quien se le imputan delitos de cohecho y soborno, el parlamentario sali\u00f3 a defenderse y asegur\u00f3 que fue involucrado \u201cde mala fe\u201d en un crimen que no cometi\u00f3.<\/p>\n\n\n\n<p>El Ministerio P\u00fablico investiga un contrato, con presunta irregularidad, de transacci\u00f3n suscrito por una empresa minera y el municipio de Tierra Amarilla.<\/p>\n\n\n\n<p>Al respecto, Mulet manifest\u00f3 que \u201cquiero se\u00f1alar que el d\u00eda de hoy (martes 4 de octubre) he presentado ante el nuevo Fiscal Nacional (Juan Mel\u00e9ndez) una denuncia con todos los antecedentes que demuestran c\u00f3mo un fiscal del Ministerio P\u00fablico de Copiap\u00f3 me involucr\u00f3 en una causa penal en forma abusiva e il\u00edcita, en el caso de Candelaria con la Municipalidad de Tierra Amarilla\u201d.&nbsp;<\/p>\n\n\n\n<p>Asimismo, el parlamentario agrega que \u201ceste es un caso que lleva m\u00e1s de seis a\u00f1os de investigaci\u00f3n, donde a m\u00ed se me ha involucrado y debo decir que la denuncia que hago hoy d\u00eda tiene que ver con las irregularidades que se han cometido a prop\u00f3sito de mi persona\u201d.<\/p>\n\n\n\n<p>\u201cTengo ac\u00e1 el testimonio de cinco personas que dan cuenta de c\u00f3mo el fiscal Luis Miranda presion\u00f3 al ex alcalde (Osvaldo) Delgado -que en paz descansa- para que me involucre en una causa penal ofreci\u00e9ndole a cambio de ello salir de la c\u00e1rcel\u201d, indica Jaime Mulet, antes de dar paso a mencionar algunas evidencias que utilizar\u00e1 en su propia defensa.<\/p>\n\n\n\n<p>El abogado indica que \u201cson cinco declaraciones que tengo, y que obviamente evidencian una situaci\u00f3n realmente grave, donde tras cinco a\u00f1os de investigaci\u00f3n, ahora me doy cuenta de qu\u00e9 manera han tratado de involucrarme\u201d.&nbsp;<\/p>\n\n\n\n<p>\u201cAdem\u00e1s debo se\u00f1alar que la declaraci\u00f3n que hace ese alcalde, que es la que despu\u00e9s es el eje de un reportaje que lleva Radio Bio Bio, (&#8230;) se\u00f1ala que habr\u00eda habido una reuni\u00f3n en octubre del 2016, donde a \u00e9l se le hab\u00eda ofrecido $400 millones y otro abogado $600 millones por no hacer algo\u2026 adem\u00e1s de inexistente y falsa, est\u00e1 acreditado tambi\u00e9n de que esa reuni\u00f3n no existi\u00f3\u201d, explica el imputado, quien agrega que \u201cde hecho, una de las personas que se supone que estaba en la reuni\u00f3n, estuvo fuera de Chile pr\u00e1cticamente todo el mes de octubre\u201d.&nbsp;<\/p>\n\n\n\n<p>El parlamentario de la FREVS acusa que \u201caqu\u00ed hay una conducta de al menos un fiscal absolutamente il\u00edcita, irregular, donde hace cualquier cosa por involucrarme; despu\u00e9s los antecedentes se filtran a un medio de comunicaci\u00f3n, que con esos antecedentes falsos, sacados bajo coacci\u00f3n, a una persona privada de libertad, desesperada por ver a su familia, debilitada, la filtran a la prensa y la prensa hace un reportaje que obviamente es muy da\u00f1ino hacia mi persona. No voy a acusar al medio, yo no s\u00e9 si el medio sab\u00eda o no que la declaraci\u00f3n era falsa\u201d, a\u00f1adiendo que \u201cme puse inmediatamente a disposici\u00f3n de la Fiscal\u00eda cuando eso sali\u00f3, nunca me citaron\u201d.<\/p>\n\n\n\n<p>En la misma l\u00ednea, Jaime Mulet denuncia que \u201caqu\u00ed hay una actuaci\u00f3n adem\u00e1s parcial del Ministerio P\u00fablico, que ha dejado de lado el principio de la objetividad (&#8230;). Aqu\u00ed se ha actuado de mala fe, se ha violado el secreto, y por eso, incluso cuando piden por primera vez la formalizaci\u00f3n, lo hicieron en medio de la campa\u00f1a, me pretend\u00edan formalizar tres d\u00edas antes de las elecciones, con un claro prop\u00f3sito de da\u00f1ar, y eso iba a producir efectos pol\u00edticos; despu\u00e9s la suspendieron, pero obviamente el da\u00f1o me lo hicieron igual. Ahora, la gente igual confi\u00f3 en m\u00ed y pude ser elegido Diputado\u201d.&nbsp;<\/p>\n\n\n\n<p>\u201cMe voy a dedicar con mucha fuerza a tratar de que cambie la ley en esta materia\u201d, asegura.<br>De la misma manera, Mulet advierte que \u201ceste hecho tan grave lo vamos a seguir hasta las \u00faltimas consecuencias y estoy estudiando con mis abogados si hay conductas de delito en estas actuaciones de los fiscales\u201d, aclarando eso s\u00ed que \u201chasta ahora la denuncia que hago es de orden administrativo, pero estoy estudiando por si es necesario hacer una querella\u201d.<br>Tras las reiteradas peticiones del Diputado, el ente persecutor finalmente pidi\u00f3 el desafuero del parlamentario para no seguir dilatando su comparecencia ante tribunales, \u201cde lo cual me alegro mucho que haya sido acogida mi solicitud, de que se presente el desafuero, por parte del Ministerio P\u00fablico porque no me cabe la menor duda que en una sede judicial -porque no hay que olvidarse que el Ministerio P\u00fablico es un \u00f3rgano administrativo- va a quedar absolutamente claro que no tuve ninguna participaci\u00f3n ni ilegal ni il\u00edcita en esto donde me ha involucrado un fiscal de la Rep\u00fablica de manera il\u00edcita\u201d, manifest\u00f3 Mulet.<\/p>\n\n\n\n<p>\u201cA m\u00ed me parece que esto es muy grave y por eso lo quise dar a conocer el d\u00eda de hoy, ya que esper\u00e9 que se vaya el (ex) Fiscal (Nacional, Jorge) Abbott, para presentar al nuevo Fiscal, que espero corrija el desastre en que se ha transformado el Ministerio P\u00fablico en buena parte del pa\u00eds\u201d.&nbsp;<\/p>\n\n\n\n<p>Finalmente, Jaime Mulet enfatiza en que \u201cvoy a hacer todo mi esfuerzo como legislador por que esto cambie, por que esto se limpie, por que haya verdaderamente justicia para ricos y para pobres, por que la gente pueda defenderse, porque hoy d\u00eda aqu\u00ed est\u00e1n en el fondo a veces, apretando y acusando a inocentes y para qu\u00e9 vamos a decir todos los culpables que est\u00e1n libres en este pa\u00eds, que la gente lo ve todos los d\u00edas y no tienen la capacidad de tener al pa\u00eds con una justicia penal funcionando como corresponde. Se dedican a hacerse famosos tratando de involucrar gente como es en mi caso y salir -seguramente- en los medios. Pero yo no lo voy a permitir\u201d, sentenci\u00f3.<\/p>\n","protected":false},"excerpt":{"rendered":"<p>En el marco de la investigaci\u00f3n que sostiene la Fiscal\u00eda Regional de Antofagasta en contra del Diputado Jaime Mulet (FREVS), a quien se le imputan delitos de cohecho y soborno, el parlamentario sali\u00f3 a defenderse y asegur\u00f3 que fue involucrado \u201cde mala fe\u201d en un crimen que no cometi\u00f3. El Ministerio P\u00fablico investiga un contrato,&#8230;<a class=\"btnReadMore\" href=\"https:\/\/www.semanariolocal.cl\/?p=8526\"> Leer M\u00e1s<\/a><\/p>\n","protected":false},"author":1,"featured_media":8527,"comment_status":"closed","ping_status":"closed","sticky":false,"template":"","format":"standard","meta":{"footnotes":""},"categories":[3,6],"tags":[],"class_list":["post-8526","post","type-post","status-publish","format-standard","has-post-thumbnail","hentry","category-al-dia","category-politica"],"_links":{"self":[{"href":"https:\/\/www.semanariolocal.cl\/index.php?rest_route=\/wp\/v2\/posts\/8526","targetHints":{"allow":["GET"]}}],"collection":[{"href":"https:\/\/www.semanariolocal.cl\/index.php?rest_route=\/wp\/v2\/posts"}],"about":[{"href":"https:\/\/www.semanariolocal.cl\/index.php?rest_route=\/wp\/v2\/types\/post"}],"author":[{"embeddable":true,"href":"https:\/\/www.semanariolocal.cl\/index.php?rest_route=\/wp\/v2\/users\/1"}],"replies":[{"embeddable":true,"href":"https:\/\/www.semanariolocal.cl\/index.php?rest_route=%2Fwp%2Fv2%2Fcomments&post=8526"}],"version-history":[{"count":1,"href":"https:\/\/www.semanariolocal.cl\/index.php?rest_route=\/wp\/v2\/posts\/8526\/revisions"}],"predecessor-version":[{"id":8528,"href":"https:\/\/www.semanariolocal.cl\/index.php?rest_route=\/wp\/v2\/posts\/8526\/revisions\/8528"}],"wp:featuredmedia":[{"embeddable":true,"href":"https:\/\/www.semanariolocal.cl\/index.php?rest_route=\/wp\/v2\/media\/8527"}],"wp:attachment":[{"href":"https:\/\/www.semanariolocal.cl\/index.php?rest_route=%2Fwp%2Fv2%2Fmedia&parent=8526"}],"wp:term":[{"taxonomy":"category","embeddable":true,"href":"https:\/\/www.semanariolocal.cl\/index.php?rest_route=%2Fwp%2Fv2%2Fcategories&post=8526"},{"taxonomy":"post_tag","embeddable":true,"href":"https:\/\/www.semanariolocal.cl\/index.php?rest_route=%2Fwp%2Fv2%2Ftags&post=8526"}],"curies":[{"name":"wp","href":"https:\/\/api.w.org\/{rel}","templated":true}]}}