{"id":8523,"date":"2022-10-04T20:40:01","date_gmt":"2022-10-04T23:40:01","guid":{"rendered":"https:\/\/www.semanariolocal.cl\/?p=8523"},"modified":"2022-10-04T20:40:02","modified_gmt":"2022-10-04T23:40:02","slug":"diputado-carter-busca-el-retorno-de-carabineros-y-pdi-al-control-de-los-estadios","status":"publish","type":"post","link":"https:\/\/www.semanariolocal.cl\/?p=8523","title":{"rendered":"Diputado Carter busca el retorno de Carabineros y PDI al control de los estadios"},"content":{"rendered":"\n<p>Tras la serie de hechos en donde la seguridad se ha desbordado durante la realizaci\u00f3n de eventos masivos y deportivos, el Diputado \u00c1lvaro Carter adelant\u00f3 una moci\u00f3n que permite la presencia policial y con ello \u201ccambiar el rostro de la seguridad\u201d, en este tipo de eventos.<\/p>\n\n\n\n<p>Al respecto el parlamentario por el distrito 12, emplaz\u00f3 al ejecutivo argumentando que,&nbsp; \u201cel Gobierno no se est\u00e1 haciendo cargo del grave problema de violencia. Ya no es solamente lo que pasa con los asaltos o la violencia existente en las manifestaciones, sino que lo vimos la semana pasada en un concierto de un artista y en el f\u00fatbol.<\/p>\n\n\n\n<p>\u201cPor ello, desde la Comisi\u00f3n de Deportes tomamos el acuerdo de citar a la Ministra del Interior, es necesario que el Gobierno se tome en serio este tema y avancemos en soluciones\u201d.<\/p>\n\n\n\n<p>Por otra parte, Carter se refiri\u00f3 a la necesidad de que las polic\u00edas cumplan un rol m\u00e1s activo en la realizaci\u00f3n de estos eventos, \u201ces Carabineros quien deber\u00eda hacer el control de mochilas y otros elementos para evitar el ingreso de fuegos artificiales o elementos que generen problemas delictuales. La polic\u00eda actualmente act\u00faa fuera de los recintos y su intervenci\u00f3n depende de la autoridad pol\u00edtica de turno \u2013 que en ocasiones carece de criterio \u2013 para hacer ingreso a los recintos. Su presencia ya es un punto que permite cambiar el rostro de la seguridad\u201d.<\/p>\n\n\n\n<p>\u201cEs por ello que voy a presentar un proyecto de ley para permitir el retorno de los Carabineros al interior de los estadios. Se debe buscar la f\u00f3rmula para que los clubes de f\u00fatbol, que utilicen los servicios de la polic\u00eda, paguen al fisco por eso.\u201d<\/p>\n\n\n\n<p>\u201cAdem\u00e1s, permitir que la PDI, por ejemplo, pueda llevar adelante tambi\u00e9n el control en el ingreso de los estadios, en especial para partidos de alta convocatoria adem\u00e1s de avanzar en la prohibici\u00f3n de portar mochilas, bolsos y elementos similares, para cualquier persona que vaya a un estadio cosa de minimizar los riesgos de ingreso de fuegos artificiales en los recintos deportivos\u201d, concluy\u00f3.<\/p>\n","protected":false},"excerpt":{"rendered":"<p>Tras la serie de hechos en donde la seguridad se ha desbordado durante la realizaci\u00f3n de eventos masivos y deportivos, el Diputado \u00c1lvaro Carter adelant\u00f3 una moci\u00f3n que permite la presencia policial y con ello \u201ccambiar el rostro de la seguridad\u201d, en este tipo de eventos. Al respecto el parlamentario por el distrito 12, emplaz\u00f3&#8230;<a class=\"btnReadMore\" href=\"https:\/\/www.semanariolocal.cl\/?p=8523\"> Leer M\u00e1s<\/a><\/p>\n","protected":false},"author":1,"featured_media":8524,"comment_status":"closed","ping_status":"closed","sticky":false,"template":"","format":"standard","meta":{"footnotes":""},"categories":[10,6],"tags":[],"class_list":["post-8523","post","type-post","status-publish","format-standard","has-post-thumbnail","hentry","category-cultura","category-politica"],"_links":{"self":[{"href":"https:\/\/www.semanariolocal.cl\/index.php?rest_route=\/wp\/v2\/posts\/8523","targetHints":{"allow":["GET"]}}],"collection":[{"href":"https:\/\/www.semanariolocal.cl\/index.php?rest_route=\/wp\/v2\/posts"}],"about":[{"href":"https:\/\/www.semanariolocal.cl\/index.php?rest_route=\/wp\/v2\/types\/post"}],"author":[{"embeddable":true,"href":"https:\/\/www.semanariolocal.cl\/index.php?rest_route=\/wp\/v2\/users\/1"}],"replies":[{"embeddable":true,"href":"https:\/\/www.semanariolocal.cl\/index.php?rest_route=%2Fwp%2Fv2%2Fcomments&post=8523"}],"version-history":[{"count":1,"href":"https:\/\/www.semanariolocal.cl\/index.php?rest_route=\/wp\/v2\/posts\/8523\/revisions"}],"predecessor-version":[{"id":8525,"href":"https:\/\/www.semanariolocal.cl\/index.php?rest_route=\/wp\/v2\/posts\/8523\/revisions\/8525"}],"wp:featuredmedia":[{"embeddable":true,"href":"https:\/\/www.semanariolocal.cl\/index.php?rest_route=\/wp\/v2\/media\/8524"}],"wp:attachment":[{"href":"https:\/\/www.semanariolocal.cl\/index.php?rest_route=%2Fwp%2Fv2%2Fmedia&parent=8523"}],"wp:term":[{"taxonomy":"category","embeddable":true,"href":"https:\/\/www.semanariolocal.cl\/index.php?rest_route=%2Fwp%2Fv2%2Fcategories&post=8523"},{"taxonomy":"post_tag","embeddable":true,"href":"https:\/\/www.semanariolocal.cl\/index.php?rest_route=%2Fwp%2Fv2%2Ftags&post=8523"}],"curies":[{"name":"wp","href":"https:\/\/api.w.org\/{rel}","templated":true}]}}