{"id":8519,"date":"2022-10-04T20:36:14","date_gmt":"2022-10-04T23:36:14","guid":{"rendered":"https:\/\/www.semanariolocal.cl\/?p=8519"},"modified":"2022-10-04T20:36:14","modified_gmt":"2022-10-04T23:36:14","slug":"jardin-infantil-fen-ayun-organizo-su-primera-feria-de-ciencias","status":"publish","type":"post","link":"https:\/\/www.semanariolocal.cl\/?p=8519","title":{"rendered":"Jard\u00edn infantil Fen Ayun organiz\u00f3 su primera feria de ciencias"},"content":{"rendered":"\n<p>En la instancia, la comunidad educativa expuso las diferentes tem\u00e1ticas innovativas, tales como: \u201c\u00bfPor qu\u00e9 flotan los barcos?\u201d, \u201cComo se forma un arco\u00edris\u201d, entre otras interrogantes desarrolladas por los ni\u00f1os y ni\u00f1as y, adem\u00e1s, de la presentaci\u00f3n de diferente material pedag\u00f3gico del jard\u00edn infantil.<\/p>\n\n\n\n<p>\u201cEsta es nuestra primera feria de ciencia, proyecto que comenzamos a aplicar en tiempos de pandemia el 2020, con un trabajo a distancia, cumpliendo las familias un rol fundamental y en que los lineamientos institucionales se desarrollaron para gestionar las actividades y experimentos desde las casas\u201d, explic\u00f3 la directora del establecimiento, Evelyn Inostroza.<\/p>\n\n\n<div class=\"wp-block-image\">\n<figure class=\"alignleft size-large is-resized\"><img loading=\"lazy\" decoding=\"async\" src=\"https:\/\/www.semanariolocal.cl\/wp-content\/uploads\/2022\/10\/junji2-450x600.jpeg\" alt=\"\" class=\"wp-image-8521\" width=\"428\" height=\"571\" srcset=\"https:\/\/www.semanariolocal.cl\/wp-content\/uploads\/2022\/10\/junji2-450x600.jpeg 450w, https:\/\/www.semanariolocal.cl\/wp-content\/uploads\/2022\/10\/junji2-225x300.jpeg 225w, https:\/\/www.semanariolocal.cl\/wp-content\/uploads\/2022\/10\/junji2-768x1024.jpeg 768w, https:\/\/www.semanariolocal.cl\/wp-content\/uploads\/2022\/10\/junji2-1152x1536.jpeg 1152w, https:\/\/www.semanariolocal.cl\/wp-content\/uploads\/2022\/10\/junji2.jpeg 1200w\" sizes=\"auto, (max-width: 428px) 100vw, 428px\" \/><\/figure>\n<\/div>\n\n\n<p>Tras la vuelta a la presencialidad de los p\u00e1rvulos al jard\u00edn infantil, el proyecto se implementa en un laboratorio de ciencia en sala, con el objetivo de desarrollar actividades en un espacio acorde al juego y el aprendizaje.<\/p>\n\n\n\n<p>Dlugeina Cabrera, apoderada del Fen Ayun, destac\u00f3 que, \u201ca trav\u00e9s de esta iniciativa, los ni\u00f1os y ni\u00f1as pueden descubrir y ser s\u00faper creativos en sus experiencias educativas\u201d.<\/p>\n\n\n\n<p>En tanto, Hayde Gomez resalt\u00f3 que \u201cla feria es una oportunidad m\u00e1s para que nuestros hijos experimenten, exploren y tengan una mentalidad m\u00e1s abierta en el \u00e1mbito de la ciencia\u201d.<\/p>\n\n\n\n<p>La actividad, que tuvo una gran asistencia de p\u00fablico, se efectu\u00f3 en la unidad educativa de la Poblaci\u00f3n Volc\u00e1n Calbuco del sector de Alerce, en el marco del proyecto FIEP entregado por el Ministerio de Educaci\u00f3n el 2019 y donde los ni\u00f1os y ni\u00f1as son los protagonistas, a trav\u00e9s del juego, de sus propios aprendizajes.<\/p>\n","protected":false},"excerpt":{"rendered":"<p>Equipo educativo expuso proyecto de innovaci\u00f3n ganado el 2020 a la comunidad alercina, llamado \u201cConociendo el Mundo a trav\u00e9s del Prisma de la Ciencia\u201d.<\/p>\n","protected":false},"author":1,"featured_media":8520,"comment_status":"closed","ping_status":"closed","sticky":false,"template":"","format":"standard","meta":{"footnotes":""},"categories":[3],"tags":[],"class_list":["post-8519","post","type-post","status-publish","format-standard","has-post-thumbnail","hentry","category-al-dia"],"_links":{"self":[{"href":"https:\/\/www.semanariolocal.cl\/index.php?rest_route=\/wp\/v2\/posts\/8519","targetHints":{"allow":["GET"]}}],"collection":[{"href":"https:\/\/www.semanariolocal.cl\/index.php?rest_route=\/wp\/v2\/posts"}],"about":[{"href":"https:\/\/www.semanariolocal.cl\/index.php?rest_route=\/wp\/v2\/types\/post"}],"author":[{"embeddable":true,"href":"https:\/\/www.semanariolocal.cl\/index.php?rest_route=\/wp\/v2\/users\/1"}],"replies":[{"embeddable":true,"href":"https:\/\/www.semanariolocal.cl\/index.php?rest_route=%2Fwp%2Fv2%2Fcomments&post=8519"}],"version-history":[{"count":1,"href":"https:\/\/www.semanariolocal.cl\/index.php?rest_route=\/wp\/v2\/posts\/8519\/revisions"}],"predecessor-version":[{"id":8522,"href":"https:\/\/www.semanariolocal.cl\/index.php?rest_route=\/wp\/v2\/posts\/8519\/revisions\/8522"}],"wp:featuredmedia":[{"embeddable":true,"href":"https:\/\/www.semanariolocal.cl\/index.php?rest_route=\/wp\/v2\/media\/8520"}],"wp:attachment":[{"href":"https:\/\/www.semanariolocal.cl\/index.php?rest_route=%2Fwp%2Fv2%2Fmedia&parent=8519"}],"wp:term":[{"taxonomy":"category","embeddable":true,"href":"https:\/\/www.semanariolocal.cl\/index.php?rest_route=%2Fwp%2Fv2%2Fcategories&post=8519"},{"taxonomy":"post_tag","embeddable":true,"href":"https:\/\/www.semanariolocal.cl\/index.php?rest_route=%2Fwp%2Fv2%2Ftags&post=8519"}],"curies":[{"name":"wp","href":"https:\/\/api.w.org\/{rel}","templated":true}]}}