{"id":8516,"date":"2022-10-04T20:27:49","date_gmt":"2022-10-04T23:27:49","guid":{"rendered":"https:\/\/www.semanariolocal.cl\/?p=8516"},"modified":"2022-10-04T20:27:49","modified_gmt":"2022-10-04T23:27:49","slug":"piden-iniciar-tramitacion-de-proyecto-que-implementa-cargador-universal-de-celulares","status":"publish","type":"post","link":"https:\/\/www.semanariolocal.cl\/?p=8516","title":{"rendered":"Piden iniciar tramitaci\u00f3n de proyecto que implementa cargador universal de celulares"},"content":{"rendered":"\n<p>Luego que el Parlamento Europeo aprobara esta ma\u00f1ana, por 602 votos a favor, 13 en contra y ocho abstenciones, implementar un cargador universal para tel\u00e9fonos celulares y tablets a partir de septiembre de 2024, los diputados  Crist\u00f3bal Mart\u00ednez y Natalia Romero, solicitaron a la comisi\u00f3n de Futuro, Ciencias y Tecnolog\u00eda que puedan iniciar la tramitaci\u00f3n de un proyecto de ley ingresado a mediados de abril, y que precisamente busca implementar un cargador \u00fanico en el pa\u00eds, tanto para los celulares como para el resto de los aparatos electr\u00f3nicos, entre ellos aud\u00edfonos inal\u00e1mbricos, tablets, relojes inteligentes, entre otros.<\/p>\n\n\n\n<p>Al respecto, y junto con valorar la implementaci\u00f3n de dicha medida en Europa, los parlamentarios gremialistas explicaron que su propuesta busca aplicarse en un plazo de dos a\u00f1os desde aprobada la ley, principalmente con el objetivo de hacer frente a la contaminaci\u00f3n electr\u00f3nica que genera Chile debido a la enorme cantidad de dispositivos que circulan en el pa\u00eds.<\/p>\n\n\n\n<p>\u201cHasta febrero de este a\u00f1o exist\u00edan m\u00e1s de 33 millones de celulares circulando en nuestro pa\u00eds, es decir, casi el doble de nuestra poblaci\u00f3n, y de acuerdo con distintas estad\u00edsticas son alrededor de 6.500 unidades nuevas que se venden al d\u00eda. Esto, lamentablemente, nos ubica como uno de los pa\u00edses de Latinoam\u00e9rica que m\u00e1s basura electr\u00f3nica generamos por persona, lo que nos obliga a tomar medidas urgentes que permitan contribuir con el medio ambiente y evitar que cada a\u00f1o se generen toneladas de desperdicios\u201d, se\u00f1alaron.<\/p>\n\n\n\n<p>En esa l\u00ednea, Mart\u00ednez y Romero agregaron que \u201ccomo somos uno de los pa\u00edses de la regi\u00f3n con los precios m\u00e1s bajos de celulares, eso facilita que las personas puedan renovar sus equipos de manera m\u00e1s seguida, pero tambi\u00e9n conlleva a que se desperdicien millones de cables e, incluso, tel\u00e9fonos, los que emiten una serie de gases contaminantes cuando son desechados en la basura dom\u00e9stica\u201d.<\/p>\n\n\n\n<p>Por lo mismo, los parlamentarios insistieron en que \u201ceste tipo de avances en Europa deben ser un incentivo para que nos transformemos en el primer pa\u00eds de Latinoam\u00e9rica en implementar un cargador universal para los dispositivos electr\u00f3nicos\u201d, agregando que la propuesta \u201cno s\u00f3lo busca simplificarle la vida a todos los usuarios, sino que principalmente contribuir en la lucha contra el cambio clim\u00e1tico\u201d.<\/p>\n\n\n\n<p>\u201cNo nos olvidemos que hace algunos a\u00f1os distintas compa\u00f1\u00edas dejaron de incluir cargadores al momento de vender celulares, como una manera de evitar la contaminaci\u00f3n que generaban. Y ahora, con este proyecto aprobado en la Uni\u00f3n Europea, las empresas van a tener que adaptar sus dispositivos para que empiecen a funcionar con un mismo tipo de cable. Por lo tanto, no vemos ninguna raz\u00f3n para no implementar la misma medida en Chile y convertirnos en un ejemplo para el resto de los pa\u00edses\u201d, reiteraron los diputados Mart\u00ednez y Romero.<\/p>\n","protected":false},"excerpt":{"rendered":"<p>Los diputados Crist\u00f3bal Mart\u00ednez y Natalia Romero presentaron una iniciativa similar a mediados de abril, que busca que todos los dispositivos electr\u00f3nicos tengan un mismo tipo de entrada. <\/p>\n","protected":false},"author":1,"featured_media":8517,"comment_status":"closed","ping_status":"closed","sticky":false,"template":"","format":"standard","meta":{"footnotes":""},"categories":[3],"tags":[],"class_list":["post-8516","post","type-post","status-publish","format-standard","has-post-thumbnail","hentry","category-al-dia"],"_links":{"self":[{"href":"https:\/\/www.semanariolocal.cl\/index.php?rest_route=\/wp\/v2\/posts\/8516","targetHints":{"allow":["GET"]}}],"collection":[{"href":"https:\/\/www.semanariolocal.cl\/index.php?rest_route=\/wp\/v2\/posts"}],"about":[{"href":"https:\/\/www.semanariolocal.cl\/index.php?rest_route=\/wp\/v2\/types\/post"}],"author":[{"embeddable":true,"href":"https:\/\/www.semanariolocal.cl\/index.php?rest_route=\/wp\/v2\/users\/1"}],"replies":[{"embeddable":true,"href":"https:\/\/www.semanariolocal.cl\/index.php?rest_route=%2Fwp%2Fv2%2Fcomments&post=8516"}],"version-history":[{"count":1,"href":"https:\/\/www.semanariolocal.cl\/index.php?rest_route=\/wp\/v2\/posts\/8516\/revisions"}],"predecessor-version":[{"id":8518,"href":"https:\/\/www.semanariolocal.cl\/index.php?rest_route=\/wp\/v2\/posts\/8516\/revisions\/8518"}],"wp:featuredmedia":[{"embeddable":true,"href":"https:\/\/www.semanariolocal.cl\/index.php?rest_route=\/wp\/v2\/media\/8517"}],"wp:attachment":[{"href":"https:\/\/www.semanariolocal.cl\/index.php?rest_route=%2Fwp%2Fv2%2Fmedia&parent=8516"}],"wp:term":[{"taxonomy":"category","embeddable":true,"href":"https:\/\/www.semanariolocal.cl\/index.php?rest_route=%2Fwp%2Fv2%2Fcategories&post=8516"},{"taxonomy":"post_tag","embeddable":true,"href":"https:\/\/www.semanariolocal.cl\/index.php?rest_route=%2Fwp%2Fv2%2Ftags&post=8516"}],"curies":[{"name":"wp","href":"https:\/\/api.w.org\/{rel}","templated":true}]}}