{"id":8513,"date":"2022-10-04T20:22:54","date_gmt":"2022-10-04T23:22:54","guid":{"rendered":"https:\/\/www.semanariolocal.cl\/?p=8513"},"modified":"2022-10-04T20:22:54","modified_gmt":"2022-10-04T23:22:54","slug":"gobierno-y-gremios-del-comercio-se-reunen-para-fortalecer-la-seguridad-publica","status":"publish","type":"post","link":"https:\/\/www.semanariolocal.cl\/?p=8513","title":{"rendered":"Gobierno y gremios del Comercio se re\u00fanen para fortalecer la seguridad p\u00fablica"},"content":{"rendered":"\n<p>Autoridades de Gobierno y representantes de las C\u00e1maras de Comercio de Puerto Varas, Puerto Montt y Castro, se reunieron para analizar distintas preocupaciones en materia de seguridad y reactivaci\u00f3n econ\u00f3mica en la regi\u00f3n de Los Lagos.<\/p>\n\n\n\n<p>La actividad liderada por la Delegada Presidencial Regional de Los Lagos, Giovanna Moreira y el seremi de Econom\u00eda, Luis C\u00e1rdenas, junto a la coordinadora regional de la Subsecretar\u00eda de Prevenci\u00f3n del Delito, Sonia Parra, permiti\u00f3 identificar las principales inquietudes del gremio en las provincias, adem\u00e1s de establecer un plan de trabajo junto a los servicios pertinentes en temas como control y prevenci\u00f3n del delito.<\/p>\n\n\n\n<p>Giovanna Moreira, Delegada Presidencial Regional de Los Lagos, destac\u00f3 la importancia de generar este trabajo intersectorial.<\/p>\n\n\n\n<p>\u201cLa recuperaci\u00f3n de espacios p\u00fablicos, el combate contra el comercio il\u00edcito y el crimen organizado, es un trabajo que requiere distintas miradas y conversaciones, y por sobre todo, un trabajo intersectorial con organismos tanto p\u00fablicos como privados. Es por esto que nos reunimos con gremios del comercio de distintas provincias, para establecer un plan de trabajo colaborativo para dotar de seguridad a los barrios comerciales, con el objetivo de que las familias de nuestra regi\u00f3n puedan caminar tranquilas por las calles\u201d, explic\u00f3 la representante del Presidente Gabriel Boric en la regi\u00f3n<\/p>\n\n\n\n<p>Al respecto, el titular de Econom\u00eda en la regi\u00f3n reafirm\u00f3 el compromiso adquirido con las C\u00e1maras de Comercio de entregar seguridad p\u00fablica, pero tambi\u00e9n de activar la econom\u00eda.<\/p>\n\n\n\n<p>\u201cLa recuperaci\u00f3n de los espacios p\u00fablicos es fundamental para nosotros, para darles seguridad a nuestras familias y ese es el trabajo que estamos desarrollando. Tenemos la convicci\u00f3n que es el camino correcto&nbsp; para poder profundizar y mejorar la vida de nuestras personas en cada uno de nuestros territorios\u201d, indic\u00f3 Luis C\u00e1rdenas.<\/p>\n\n\n\n<p>En tanto, el presidente de la C\u00e1mara de Comercio de Puerto Montt, Eduardo Salazar, apunt\u00f3 a estandarizar los procedimientos de seguridad y a aplicar controles en los lugares de origen de las mercader\u00edas.<\/p>\n\n\n\n<p>\u201cHoy se est\u00e1 aplicando un plan piloto en Puerto Montt, el cual se quiere llevar a las otras ciudades para que sea el mismo procedimiento. Hablamos tambi\u00e9n de tener ciertos controles en los lugares de origen de las mercader\u00edas y pedir las facturas que amparan la venta de ese comercio se est\u00e1 realizando en la calle\u201d, se\u00f1al\u00f3 Salazar.<\/p>\n\n\n\n<p>Por su parte, el presidente de la C\u00e1mara de Comercio, Industria y Turismo de Castro, Julio Candia, valor\u00f3 la instancia y destac\u00f3 la importancia de cada organismo.<\/p>\n\n\n\n<p>\u201cCreo que ese tema es sumamente relevante porque tiene que estar en conjunto no solamente con la entidad administrativa, sino que tambi\u00e9n con las entidades municipales. Los alcaldes tienen que empoderarse tambi\u00e9n en trabajar porque si esto es simplemente a nivel de Gobierno y las municipalidades no est\u00e1n haciendo el trabajo que corresponde, definitivamente esto no va a servir de nada\u201d, indic\u00f3 Candia.<\/p>\n\n\n\n<p>Por \u00faltimo, su par de Puerto Varas, Horacio B\u00f3volo, realiz\u00f3 un positivo balance del trabajo coordinado que se ha llevado a cabo con la Municipalidad, Carabineros y Juzgado de Polic\u00eda Local, pero afirm\u00f3 que el problema son las fuentes de abastecimiento.<\/p>\n\n\n\n<p>\u201cEl tema log\u00edstico aqu\u00ed es clave. La gente que recibe el abastecimiento es gente de afuera, no es gente de nuestra comuna, ya lo hemos podido corroborar. Son siempre gente que vienen de otras comunas a ejercer el comercio il\u00edcito a la ciudad\u201d, indic\u00f3 R\u00f3mulo.<\/p>\n\n\n\n<p>Al encuentro tambi\u00e9n particip\u00f3 la representante del comercio establecido de Castro, Kathy Villavicencio, quien calific\u00f3 como \u201cproductiva\u201d la reuni\u00f3n y valor\u00f3 la gesti\u00f3n del gobierno.<\/p>\n\n\n\n<p>\u201cMe voy con hartas esperanzas para la Isla. La verdad es que es m\u00e1s de lo que nosotros esper\u00e1bamos. Por lo menos el gobierno tiene un plan anticipado de lo que nosotros ven\u00edamos a pedir. Eso me sorprendi\u00f3, como que estamos todos en la misma sinton\u00eda. Espero que podamos conseguir, a trav\u00e9s de esta reuni\u00f3n, que todos los planes, de los que se hablaron hoy d\u00eda, se concreten, pero vamos por buen camino\u201d, se\u00f1al\u00f3.<\/p>\n","protected":false},"excerpt":{"rendered":"<p> Los representantes del gremio en la regi\u00f3n realizaron un positivo balance del encuentro y destacaron la importancia generar coordinaciones p\u00fablico-privadas. <\/p>\n","protected":false},"author":1,"featured_media":8514,"comment_status":"closed","ping_status":"closed","sticky":false,"template":"","format":"standard","meta":{"footnotes":""},"categories":[3],"tags":[],"class_list":["post-8513","post","type-post","status-publish","format-standard","has-post-thumbnail","hentry","category-al-dia"],"_links":{"self":[{"href":"https:\/\/www.semanariolocal.cl\/index.php?rest_route=\/wp\/v2\/posts\/8513","targetHints":{"allow":["GET"]}}],"collection":[{"href":"https:\/\/www.semanariolocal.cl\/index.php?rest_route=\/wp\/v2\/posts"}],"about":[{"href":"https:\/\/www.semanariolocal.cl\/index.php?rest_route=\/wp\/v2\/types\/post"}],"author":[{"embeddable":true,"href":"https:\/\/www.semanariolocal.cl\/index.php?rest_route=\/wp\/v2\/users\/1"}],"replies":[{"embeddable":true,"href":"https:\/\/www.semanariolocal.cl\/index.php?rest_route=%2Fwp%2Fv2%2Fcomments&post=8513"}],"version-history":[{"count":1,"href":"https:\/\/www.semanariolocal.cl\/index.php?rest_route=\/wp\/v2\/posts\/8513\/revisions"}],"predecessor-version":[{"id":8515,"href":"https:\/\/www.semanariolocal.cl\/index.php?rest_route=\/wp\/v2\/posts\/8513\/revisions\/8515"}],"wp:featuredmedia":[{"embeddable":true,"href":"https:\/\/www.semanariolocal.cl\/index.php?rest_route=\/wp\/v2\/media\/8514"}],"wp:attachment":[{"href":"https:\/\/www.semanariolocal.cl\/index.php?rest_route=%2Fwp%2Fv2%2Fmedia&parent=8513"}],"wp:term":[{"taxonomy":"category","embeddable":true,"href":"https:\/\/www.semanariolocal.cl\/index.php?rest_route=%2Fwp%2Fv2%2Fcategories&post=8513"},{"taxonomy":"post_tag","embeddable":true,"href":"https:\/\/www.semanariolocal.cl\/index.php?rest_route=%2Fwp%2Fv2%2Ftags&post=8513"}],"curies":[{"name":"wp","href":"https:\/\/api.w.org\/{rel}","templated":true}]}}