{"id":8510,"date":"2022-10-04T20:20:39","date_gmt":"2022-10-04T23:20:39","guid":{"rendered":"https:\/\/www.semanariolocal.cl\/?p=8510"},"modified":"2022-10-04T20:20:40","modified_gmt":"2022-10-04T23:20:40","slug":"diputado-barria-mantener-personal-de-salud-contratado-en-pandemia-ayudara-a-reducir-listas-de-espera","status":"publish","type":"post","link":"https:\/\/www.semanariolocal.cl\/?p=8510","title":{"rendered":"Diputado Barr\u00eda:\u00a0\u201cmantener personal de salud contratado en pandemia ayudar\u00e1 a reducir listas de espera\u201d."},"content":{"rendered":"\n<p>A ra\u00edz de la solicitud de los gremios de mantener el personal contratado en pandemia, y por la creciente demanda de horas m\u00e9dicas en el sistema p\u00fablico, lo que ha continuado aumentando la lista de espera. El Diputado H\u00e9ctor Barr\u00eda indica que mantener el personal de salud contratado en la pandemia ayudar\u00e1 a reducir las listas de espera en nuestros hospitales.<\/p>\n\n\n\n<p>En relaci\u00f3n a lo anterior el Diputado del Distrito 25, H\u00e9ctor Barr\u00eda manifest\u00f3&nbsp;<strong><em>\u201ccomparto y apoyo la mirada de los gremios de la salud. La pandemia a\u00fan est\u00e1 presente. Si bien se han liberado ciertas restricciones, a\u00fan hay secuelas y los adultos mayores est\u00e1n en cierto nivel de riesgo\u201d.<\/em><\/strong><\/p>\n\n\n\n<p><strong><em>\u201cPor otra parte, es muy importante. Es el momento de ayudar a terminar con la gran pandemia que tiene nuestro pa\u00eds, que son las listas de espera. Antes y durante de la pandemia las listas de espera aumentaron, y a\u00fan est\u00e1n presentes\u201d.<\/em><\/strong><\/p>\n\n\n\n<p><strong><em>&nbsp;<\/em><\/strong>En lo referente al personal contratado en pandemia Barr\u00eda agreg\u00f3;&nbsp;<strong><em>\u201cser\u00eda una buena estrategia, que aquellos m\u00e9dicos, profesionales, t\u00e9cnicos y administrativos, que ya tienen la experticia que acumularon durante la pandemia, hoy se enfoquen en resolver las listas de espera\u201d.<\/em><\/strong><\/p>\n\n\n\n<p>Finalmente el Diputado Barr\u00eda agreg\u00f3;<strong><em>&nbsp;\u201cLas listas de espera, es la gran pandemia que tiene Chile desde hace varios a\u00f1os, y que no ha podido ser resuelta por los \u00faltimos gobiernos\u201d.&nbsp;<\/em><\/strong><\/p>\n","protected":false},"excerpt":{"rendered":"<p>A ra\u00edz de la solicitud de los gremios de mantener el personal contratado en pandemia, y por la creciente demanda de horas m\u00e9dicas en el sistema p\u00fablico, lo que ha continuado aumentando la lista de espera. El Diputado H\u00e9ctor Barr\u00eda indica que mantener el personal de salud contratado en la pandemia ayudar\u00e1 a reducir las&#8230;<a class=\"btnReadMore\" href=\"https:\/\/www.semanariolocal.cl\/?p=8510\"> Leer M\u00e1s<\/a><\/p>\n","protected":false},"author":1,"featured_media":8511,"comment_status":"closed","ping_status":"closed","sticky":false,"template":"","format":"standard","meta":{"footnotes":""},"categories":[3,6],"tags":[],"class_list":["post-8510","post","type-post","status-publish","format-standard","has-post-thumbnail","hentry","category-al-dia","category-politica"],"_links":{"self":[{"href":"https:\/\/www.semanariolocal.cl\/index.php?rest_route=\/wp\/v2\/posts\/8510","targetHints":{"allow":["GET"]}}],"collection":[{"href":"https:\/\/www.semanariolocal.cl\/index.php?rest_route=\/wp\/v2\/posts"}],"about":[{"href":"https:\/\/www.semanariolocal.cl\/index.php?rest_route=\/wp\/v2\/types\/post"}],"author":[{"embeddable":true,"href":"https:\/\/www.semanariolocal.cl\/index.php?rest_route=\/wp\/v2\/users\/1"}],"replies":[{"embeddable":true,"href":"https:\/\/www.semanariolocal.cl\/index.php?rest_route=%2Fwp%2Fv2%2Fcomments&post=8510"}],"version-history":[{"count":1,"href":"https:\/\/www.semanariolocal.cl\/index.php?rest_route=\/wp\/v2\/posts\/8510\/revisions"}],"predecessor-version":[{"id":8512,"href":"https:\/\/www.semanariolocal.cl\/index.php?rest_route=\/wp\/v2\/posts\/8510\/revisions\/8512"}],"wp:featuredmedia":[{"embeddable":true,"href":"https:\/\/www.semanariolocal.cl\/index.php?rest_route=\/wp\/v2\/media\/8511"}],"wp:attachment":[{"href":"https:\/\/www.semanariolocal.cl\/index.php?rest_route=%2Fwp%2Fv2%2Fmedia&parent=8510"}],"wp:term":[{"taxonomy":"category","embeddable":true,"href":"https:\/\/www.semanariolocal.cl\/index.php?rest_route=%2Fwp%2Fv2%2Fcategories&post=8510"},{"taxonomy":"post_tag","embeddable":true,"href":"https:\/\/www.semanariolocal.cl\/index.php?rest_route=%2Fwp%2Fv2%2Ftags&post=8510"}],"curies":[{"name":"wp","href":"https:\/\/api.w.org\/{rel}","templated":true}]}}