{"id":8507,"date":"2022-10-04T20:17:44","date_gmt":"2022-10-04T23:17:44","guid":{"rendered":"https:\/\/www.semanariolocal.cl\/?p=8507"},"modified":"2022-10-04T20:17:44","modified_gmt":"2022-10-04T23:17:44","slug":"la-casa-de-los-monstruos-de-marcelo-leonart-se-estrena-en-teatro-biobio","status":"publish","type":"post","link":"https:\/\/www.semanariolocal.cl\/?p=8507","title":{"rendered":"La casa de los monstruos, de Marcelo Leonart, se estrena en Teatro Biob\u00edo"},"content":{"rendered":"\n<p>El director y dramaturgo&nbsp;<strong>Marcelo Leonart<\/strong>&nbsp;termin\u00f3 de escribir&nbsp;<strong><em>La casa de los monstruos<\/em><\/strong>&nbsp;en abril de 2019<strong>.<\/strong>&nbsp;El estallido social a\u00fan no se hac\u00eda carne pero los s\u00edntomas del malestar ciudadano se sent\u00edan a diario. \u201cMovimientos estudiantiles, el mayo feminista, la represi\u00f3n en el sur. Todo parec\u00eda una olla a presi\u00f3n. Pero a\u00fan as\u00ed nos sorprendi\u00f3 octubre de 2019 y la revuelta. A veces se me hiela la sangre durante los ensayos al pensar que&nbsp;<strong>esta obra parece escrita a partir del estallido y no anunci\u00e1ndolo<\/strong>. Pero as\u00ed es el teatro, creo. Un arte antiguo que se hace en vivo. No como una profec\u00eda, sino como una respiraci\u00f3n de lo que sucede\u201d, reflexiona su autor.<br>&nbsp;<br>El plan original era estrenar la obra en 2020, pero la pandemia posterg\u00f3 esas intenciones y&nbsp;<em>La casa de los monstruos<\/em>&nbsp;lleg\u00f3 los&nbsp;escenarios reci\u00e9n en 2022.&nbsp;<strong>Este viernes 7 de octubre, el montaje de Leonart se presentar\u00e1 en Teatro Biob\u00edo, tras la exitosa temporada en Centro GAM, Santiago, que la tuvo en cartelera por casi un mes<\/strong>. A Concepci\u00f3n viajar\u00e1n Leonart, junto al destacado elenco que pone la obra en escena: H\u00e9ctor Morales, Nona Fern\u00e1ndez, Cristi\u00e1n Carvajal, Felipe Zepeda y Macarena Fuentes.<br>&nbsp;<br><strong>Lucho Cotapos&nbsp;<\/strong>(Cristi\u00e1n Carvajal), presidente de la \u201cFundaci\u00f3n Luis Cotapos (padre) para la Ayuda a la Infancia y de Prevenci\u00f3n contra la Delincuencia\u201d se prepara, en su hogar, para asistir a una ceremonia donde ser\u00e1 galardonado. Mientras se viste de elegante smoking y repasa su discurso de agradecimiento&nbsp;<strong>El Enmascarado<\/strong>&nbsp;(H\u00e9ctor Morales) \u2013un gallo metiche e inexplicable, vestido a la&nbsp;<strong>usanza del siglo XVIII<\/strong>\u2013 empieza a contarle, para su total desconcierto, la triste historia de la ca\u00edda y ejecuci\u00f3n de su tocayo Luis XVI durante la&nbsp;<strong>Revoluci\u00f3n Francesa.<\/strong>&nbsp;De pronto, Antonia (Nona Fern\u00e1ndez), su mujer, irrumpe en la habitaci\u00f3n para informarle que sus mejores amigos no podr\u00e1n asistir a la premiaci\u00f3n. \u00bfLa raz\u00f3n? Han sido&nbsp;<strong>asaltados<\/strong>&nbsp;en su propia casa por unos terribles delincuentes que \u2013de una manera inquietantemente educada\u2013 les han pedido sus aposentos para hacer el amor. Luego de la premiaci\u00f3n, de vuelta en casa, Lucho y Antonia se encuentran con los mismos supuestos delincuentes: una&nbsp;<strong>pareja de sexualidad imprecisa<\/strong>&nbsp;(Felipe Zepeda y Macarena Fuentes) que, en compa\u00f1\u00eda de El Enmascarado, vienen dispuestos a educarlos sobre el nuevo orden que empieza a nacer, mientras el antiguo \u00bfirremediablemente? desaparece.<br>&nbsp;<br>\u201cEn el texto inclu\u00ed una reflexi\u00f3n en torno al&nbsp;<strong>lenguaje inclusivo<\/strong>, que tanto ha desencadenado discusiones y tratados. Dinamitamos, tambi\u00e9n, ese orden antiguo. Dos \u00e9pocas se superponen, con sus evidentes&nbsp;<strong>coincidencias:<\/strong>&nbsp;la Revoluci\u00f3n Francesa y este tiempo l\u00edquido de irrupci\u00f3n de estallidos sociales y nuevos derechos, sexualidades y lenguajes\u2026 Todo se repite, al decir de Marx,&nbsp;<strong>primero como una tragedia y luego como una farsa<\/strong>\u201d. Y agrega: \u201cConvocamos a cinco personajes para preguntarnos: \u00bfcu\u00e1les son los verdaderos monstruos? Para ello, contamos con un elenco extraordinario. Por primera vez trabajan con nosotros en La Pieza Oscura H\u00e9ctor Morales y Cristi\u00e1n Carvajal, que han sido un lujo. Su creatividad y talento es inconmensurable. Junto a ellos, Felipe Zepeda y Macarena Fuentes, que son ya parte de la casa. Y por supuesto Nona Fern\u00e1ndez, fundadora de la compa\u00f1\u00eda y compa\u00f1era creativa desde siempre\u201d, finaliza.<br>&nbsp;<\/p>\n\n\n\n<p><strong>Proyecto financiado por el Fondo Nacional de Fomento y Desarrollo de las Artes Esc\u00e9nicas, Convocatoria 2021.<\/strong><\/p>\n\n\n\n<p><br><strong>FICHA ART\u00cdSTICA:<\/strong><br>&nbsp;<br><strong>Direcci\u00f3n y dramaturgia<\/strong>: Marcelo Leonart&nbsp;<br><strong>Elenco<\/strong>: Cristi\u00e1n Carvajal, H\u00e9ctor Morales, Nona Fern\u00e1ndez, Felipe Zepeda y Macarena Fuentes<br><strong>Dise\u00f1o de vestuario y escenograf\u00eda:&nbsp;<\/strong>Catalina Devia&nbsp;<br><strong>Dise\u00f1o de iluminaci\u00f3n:<\/strong>&nbsp;Andr\u00e9s Poirot&nbsp;<br><strong>Realizaci\u00f3n de escenograf\u00eda:<\/strong>&nbsp;Rodrigo Iturra<br><strong>Realizaci\u00f3n de vestuario y pelucas:<\/strong>&nbsp;Elizabeth P\u00e9rez<br><strong>Coreograf\u00edas<\/strong>: Claudia Vicu\u00f1a&nbsp;<br><strong>M\u00fasica<\/strong>: Miguel Miranda&nbsp;<br><strong>Fotograf\u00edas:<\/strong>&nbsp;Maglio P\u00e9rez<br><strong>Dise\u00f1o gr\u00e1fico:<\/strong>&nbsp;C\u00e9sar Ram\u00edrez<br><strong>Producci\u00f3n y difusi\u00f3n<\/strong>: Francisca Babul&nbsp;<br>&nbsp;<br><strong>COORDENADAS:<\/strong><br><br><strong>Fechas:<\/strong>&nbsp;Viernes 07 de octubre<br><strong>Hora:<\/strong>&nbsp;19:30 hrs.<br><strong>Lugar:<\/strong>&nbsp;Sala Principal, Teatro Biob\u00edo. Avda. Cardenal Ra\u00fal Silva Henr\u00edquez 477, Concepci\u00f3n, Chile.<br><strong>P\u00fablico:<\/strong>&nbsp;+12<br><strong>Entrada:&nbsp;<\/strong>Acceso gratuito<\/p>\n","protected":false},"excerpt":{"rendered":"<p>Revoluciones, asaltos, pistolas y guillotinas trae la nueva obra del dramaturgo y director teatral Marcelo Leonart, La casa de los monstruos, que se presentar\u00e1 en Teatro Biob\u00edo en una \u00fanica funci\u00f3n gratuita el viernes 7 de octubre. Se trata de la primera presentaci\u00f3n de la obra fuera de la Regi\u00f3n Metropolitana, tras una exitosa temporada en Centro GAM.<\/p>\n<p>La obra, que narra la crisis que vive una familia de elite en Chile que se ve enfrentada al nacimiento de un nuevo orden, es protagonizada por la compa\u00f1\u00eda La Pieza Oscura \u2013Nona Fern\u00e1ndez, Felipe Zepeda y Macarena Fuentes\u2013 junto a H\u00e9ctor Morales y Cristi\u00e1n Carvajal.<\/p>\n","protected":false},"author":1,"featured_media":8508,"comment_status":"closed","ping_status":"closed","sticky":false,"template":"","format":"standard","meta":{"footnotes":""},"categories":[10],"tags":[],"class_list":["post-8507","post","type-post","status-publish","format-standard","has-post-thumbnail","hentry","category-cultura"],"_links":{"self":[{"href":"https:\/\/www.semanariolocal.cl\/index.php?rest_route=\/wp\/v2\/posts\/8507","targetHints":{"allow":["GET"]}}],"collection":[{"href":"https:\/\/www.semanariolocal.cl\/index.php?rest_route=\/wp\/v2\/posts"}],"about":[{"href":"https:\/\/www.semanariolocal.cl\/index.php?rest_route=\/wp\/v2\/types\/post"}],"author":[{"embeddable":true,"href":"https:\/\/www.semanariolocal.cl\/index.php?rest_route=\/wp\/v2\/users\/1"}],"replies":[{"embeddable":true,"href":"https:\/\/www.semanariolocal.cl\/index.php?rest_route=%2Fwp%2Fv2%2Fcomments&post=8507"}],"version-history":[{"count":1,"href":"https:\/\/www.semanariolocal.cl\/index.php?rest_route=\/wp\/v2\/posts\/8507\/revisions"}],"predecessor-version":[{"id":8509,"href":"https:\/\/www.semanariolocal.cl\/index.php?rest_route=\/wp\/v2\/posts\/8507\/revisions\/8509"}],"wp:featuredmedia":[{"embeddable":true,"href":"https:\/\/www.semanariolocal.cl\/index.php?rest_route=\/wp\/v2\/media\/8508"}],"wp:attachment":[{"href":"https:\/\/www.semanariolocal.cl\/index.php?rest_route=%2Fwp%2Fv2%2Fmedia&parent=8507"}],"wp:term":[{"taxonomy":"category","embeddable":true,"href":"https:\/\/www.semanariolocal.cl\/index.php?rest_route=%2Fwp%2Fv2%2Fcategories&post=8507"},{"taxonomy":"post_tag","embeddable":true,"href":"https:\/\/www.semanariolocal.cl\/index.php?rest_route=%2Fwp%2Fv2%2Ftags&post=8507"}],"curies":[{"name":"wp","href":"https:\/\/api.w.org\/{rel}","templated":true}]}}