{"id":8504,"date":"2022-10-04T20:13:53","date_gmt":"2022-10-04T23:13:53","guid":{"rendered":"https:\/\/www.semanariolocal.cl\/?p=8504"},"modified":"2022-10-04T20:13:54","modified_gmt":"2022-10-04T23:13:54","slug":"direccion-del-trabajo-recupero-mas-de-84-mil-millones-a-traves-de-comparendos-de-conciliacion","status":"publish","type":"post","link":"https:\/\/www.semanariolocal.cl\/?p=8504","title":{"rendered":"Direcci\u00f3n del Trabajo recuper\u00f3 m\u00e1s de $84 mil millones  a trav\u00e9s de comparendos de conciliaci\u00f3n"},"content":{"rendered":"\n<p>Un poco m\u00e1s de 84 mil millones de pesos recaud\u00f3 desde el a\u00f1o 2021 hasta lo que va de este a\u00f1o la Direcci\u00f3n del Trabajo (DT) durante los comparendos de conciliaci\u00f3n realizados para resolver diferencias entre empleadores y trabajadores y trabajadoras o lograr el pago de deudas pendientes al t\u00e9rmino de la relaci\u00f3n laboral.<\/p>\n\n\n\n<p>Principalmente, estas conciliaciones son un m\u00e9todo de soluci\u00f3n de conflictos entre quienes han celebrado un contrato individual de trabajo. Se realizan en respuesta a reclamos presentados por trabajadores y trabajadoras que requieren la revisi\u00f3n de los t\u00e9rminos de la relaci\u00f3n laboral, derechos y obligaciones, motivo por el que solicitan la intervenci\u00f3n de un conciliador como experto en la materia.<\/p>\n\n\n\n<p>En caso de no lograrse en el comparendo una conciliaci\u00f3n o soluci\u00f3n total a sus demandas, trabajadores y trabajadoras pueden llevar sus casos a los tribunales de justicia mediante el procedimiento monitorio, que garantiza una tramitaci\u00f3n r\u00e1pida de la causa. &nbsp;<\/p>\n\n\n\n<p>Desde el a\u00f1o 2021 hasta ahora fueron interpuestos 199.471 reclamos administrativos en las inspecciones o en <a href=\"http:\/\/www.direcciondeltrabajo.cl\">www.direcciondeltrabajo.cl<\/a> Estos reclamos involucraron a 200.249 trabajadores, el 62,8% de los cuales fueron hombres y el 37,2% mujeres. Las principales materias reclamadas fueron finiquitos, feriados y cotizaciones previsionales.<\/p>\n\n\n\n<p>Al cabo, 61.407 de estos comparendos terminaron con una conciliaci\u00f3n total entre empleadores y trabajadores y otros 18.001 con una conciliaci\u00f3n parcial.<\/p>\n\n\n\n<p>Fruto de estas conciliaciones, la DT recuper\u00f3 un total de $84.332.456.610.<\/p>\n\n\n\n<p>El director del Trabajo, Pablo Zenteno, resalt\u00f3 este monto porque \u201ca diferencia de las multas que aplicamos al constatar infracciones laborales de otro tipo, que son de beneficio fiscal, estos dineros pagados por los empleadores como resultado de los comparendos van a dar directamente al bolsillo de trabajadores y trabajadoras\u201d. &nbsp;<\/p>\n\n\n\n<p><strong>SE REFUERZA PLANTA DE CONCILIADORES<\/strong><\/p>\n\n\n\n<p>El conciliador\/a es un tercero\/a imparcial, con facultades fiscalizadoras y componedoras, que interviene por medio de una audiencia, la que se realiza en presencia del trabajador\/a y el empleador\/a. Hoy las conciliaciones se realizan -en su mayor\u00eda- de forma remota.<\/p>\n\n\n\n<p>Con el objetivo de hacer m\u00e1s expedita la realizaci\u00f3n de los comparendos, durante este segundo semestre la DT reforz\u00f3 su contingente de conciliadores, cuya dotaci\u00f3n actual es de 176 especialistas en acercar a las partes para lograr acuerdos satisfactorios.<\/p>\n\n\n\n<p>Para ello, entre julio y septiembre se capacit\u00f3 a 18 funcionarios y funcionarias de la Regi\u00f3n Metropolitana A trav\u00e9s de un programa interno de pasant\u00eda voluntario, realizaron un curso sobre t\u00e9cnicas de conciliaci\u00f3n, revisi\u00f3n documental, c\u00e1lculo de finiquito y elaboraci\u00f3n de actas y multas. Al cabo de la pasant\u00eda, se realizaron 536 reclamos.<\/p>\n\n\n\n<p>Pablo Zenteno dijo que el objetivo es \u201centregar una asistencia oportuna y de calidad a las trabajadoras, trabajadores y empleadores en un momento de vivencia personal muy complejo para los primeros, por lo que la empat\u00eda es primordial para lograr acuerdos necesarios y justos con sus empleadores\u201d.<\/p>\n\n\n\n<p>Si bien los funcionarios y funcionarias capacitadas seguir\u00e1n prestando servicio en sus unidades originales, podr\u00e1n reforzar las oficinas con mayor demanda de conciliaciones cada vez que sea necesario.<\/p>\n","protected":false},"excerpt":{"rendered":"<p>\u2022\tEstos comparendos se realizan para lograr acuerdos entre empleadores y trabajadores y trabajadoras, cuando al t\u00e9rmino de la relaci\u00f3n laboral estos y estas \u00faltimas no firman sus finiquitos por considerar que hay deudas pendientes o definiciones con las que est\u00e1n en desacuerdo. Los dineros recuperados van directamente al bolsillo de los reclamantes.<br \/>\n\u2022\tServicio fiscalizador y mediador est\u00e1 reforzando sus equipos para agilizar la realizaci\u00f3n de comparendos. <\/p>\n","protected":false},"author":1,"featured_media":8505,"comment_status":"closed","ping_status":"closed","sticky":false,"template":"","format":"standard","meta":{"footnotes":""},"categories":[3,9],"tags":[],"class_list":["post-8504","post","type-post","status-publish","format-standard","has-post-thumbnail","hentry","category-al-dia","category-gobierno"],"_links":{"self":[{"href":"https:\/\/www.semanariolocal.cl\/index.php?rest_route=\/wp\/v2\/posts\/8504","targetHints":{"allow":["GET"]}}],"collection":[{"href":"https:\/\/www.semanariolocal.cl\/index.php?rest_route=\/wp\/v2\/posts"}],"about":[{"href":"https:\/\/www.semanariolocal.cl\/index.php?rest_route=\/wp\/v2\/types\/post"}],"author":[{"embeddable":true,"href":"https:\/\/www.semanariolocal.cl\/index.php?rest_route=\/wp\/v2\/users\/1"}],"replies":[{"embeddable":true,"href":"https:\/\/www.semanariolocal.cl\/index.php?rest_route=%2Fwp%2Fv2%2Fcomments&post=8504"}],"version-history":[{"count":1,"href":"https:\/\/www.semanariolocal.cl\/index.php?rest_route=\/wp\/v2\/posts\/8504\/revisions"}],"predecessor-version":[{"id":8506,"href":"https:\/\/www.semanariolocal.cl\/index.php?rest_route=\/wp\/v2\/posts\/8504\/revisions\/8506"}],"wp:featuredmedia":[{"embeddable":true,"href":"https:\/\/www.semanariolocal.cl\/index.php?rest_route=\/wp\/v2\/media\/8505"}],"wp:attachment":[{"href":"https:\/\/www.semanariolocal.cl\/index.php?rest_route=%2Fwp%2Fv2%2Fmedia&parent=8504"}],"wp:term":[{"taxonomy":"category","embeddable":true,"href":"https:\/\/www.semanariolocal.cl\/index.php?rest_route=%2Fwp%2Fv2%2Fcategories&post=8504"},{"taxonomy":"post_tag","embeddable":true,"href":"https:\/\/www.semanariolocal.cl\/index.php?rest_route=%2Fwp%2Fv2%2Ftags&post=8504"}],"curies":[{"name":"wp","href":"https:\/\/api.w.org\/{rel}","templated":true}]}}