{"id":8501,"date":"2022-10-04T20:10:26","date_gmt":"2022-10-04T23:10:26","guid":{"rendered":"https:\/\/www.semanariolocal.cl\/?p=8501"},"modified":"2022-10-04T20:10:27","modified_gmt":"2022-10-04T23:10:27","slug":"dip-bernales-respaldo-nueva-normativa-sobre-busqueda-de-desaparecidos","status":"publish","type":"post","link":"https:\/\/www.semanariolocal.cl\/?p=8501","title":{"rendered":"Dip. Bernales respaldo nueva normativa sobre b\u00fasqueda de desaparecidos"},"content":{"rendered":"\n<p>Recordando entre otros a Claudia Ag\u00fcero,&nbsp;&nbsp;joven madre desaparecida mientras viajaba a su trabajo el 2019, Jos\u00e9 Huenante, el primer detenido desaparecido en democracia el 2005, a Violeta Guti\u00e9rrez, profesora jubilada a quien se le vio por \u00faltima vez en el Hospital de Puerto Montt en agosto pasado y a Rodrigo Ramos, joven mochilero desaparecido en Castro hace dos a\u00f1os, el diputado Alejandro Bernales (PL), respald\u00f3&nbsp;las modificaciones del Senado, al proyecto que regula el&nbsp;proceso unificado de b\u00fasqueda de personas desaparecidas y crea el Sistema&nbsp;interconectado para dichos&nbsp;efectos. Con ello, la iniciativa termin\u00f3 su tramitaci\u00f3n y&nbsp;qued\u00f3 lista para ser promulgada.<\/p>\n\n\n\n<p>\u201cNecesit\u00e1bamos con urgencia un sistema que garantice la b\u00fasqueda de estas personas que han desaparecido, que haga r\u00e1pidamente y que adem\u00e1s sin discriminaci\u00f3n, independiente de su condici\u00f3n social, su sexo, de su estado de salud, porque muchas veces no lo buscan (a&nbsp;&nbsp;la persona) por tener un estado de salud mental complejo y resultan que esas horas que se pierden son vitales\u201d, indic\u00f3 el parlamentario por el Distrito 26.<\/p>\n\n\n\n<p>A\u00f1adi\u00f3 que con esta nueva ley, \u201chay una obligatoriedad de recepci\u00f3n de la denuncia, cualquier persona podr\u00e1 denunciar la desaparici\u00f3n de una persona cuando se desconozca su paradero y se tema por la afectaci\u00f3n de su vida, integridad f\u00edsica o s\u00edquica, la denuncia podr\u00e1 hacerse ante Carabineros de Chile, Polic\u00eda de Investigaciones o Ministerio P\u00fablico, aun cuando el denunciante y el desaparecido se encuentren en lugares distintos geogr\u00e1ficamente.&nbsp; La denuncia se comunicar\u00e1, de inmediato, al Ministerio P\u00fablico e ingresar\u00e1 al Sistema. Con ello, se da cumplimiento al protocolo institucional, con diligencias a realizar dentro de las primeras 24 horas\u201d.<\/p>\n\n\n\n<p>Con esta normativa se establece un marco legal integral de b\u00fasqueda de personas extraviadas y desaparecidas. La idea es superar las falencias actuales y agilizar los tiempos de respuesta.<\/p>\n","protected":false},"excerpt":{"rendered":"<p>Recordando a Claudia Ag\u00fcero, Jos\u00e9 Huenante, Violeta Guti\u00e9rrez y Rodrigo Ramos, diputado Bernales apoy\u00f3 normativa sobre proceso unificado de b\u00fasqueda de personas desaparecidas<\/p>\n","protected":false},"author":1,"featured_media":8502,"comment_status":"closed","ping_status":"closed","sticky":false,"template":"","format":"standard","meta":{"footnotes":""},"categories":[3,6],"tags":[],"class_list":["post-8501","post","type-post","status-publish","format-standard","has-post-thumbnail","hentry","category-al-dia","category-politica"],"_links":{"self":[{"href":"https:\/\/www.semanariolocal.cl\/index.php?rest_route=\/wp\/v2\/posts\/8501","targetHints":{"allow":["GET"]}}],"collection":[{"href":"https:\/\/www.semanariolocal.cl\/index.php?rest_route=\/wp\/v2\/posts"}],"about":[{"href":"https:\/\/www.semanariolocal.cl\/index.php?rest_route=\/wp\/v2\/types\/post"}],"author":[{"embeddable":true,"href":"https:\/\/www.semanariolocal.cl\/index.php?rest_route=\/wp\/v2\/users\/1"}],"replies":[{"embeddable":true,"href":"https:\/\/www.semanariolocal.cl\/index.php?rest_route=%2Fwp%2Fv2%2Fcomments&post=8501"}],"version-history":[{"count":1,"href":"https:\/\/www.semanariolocal.cl\/index.php?rest_route=\/wp\/v2\/posts\/8501\/revisions"}],"predecessor-version":[{"id":8503,"href":"https:\/\/www.semanariolocal.cl\/index.php?rest_route=\/wp\/v2\/posts\/8501\/revisions\/8503"}],"wp:featuredmedia":[{"embeddable":true,"href":"https:\/\/www.semanariolocal.cl\/index.php?rest_route=\/wp\/v2\/media\/8502"}],"wp:attachment":[{"href":"https:\/\/www.semanariolocal.cl\/index.php?rest_route=%2Fwp%2Fv2%2Fmedia&parent=8501"}],"wp:term":[{"taxonomy":"category","embeddable":true,"href":"https:\/\/www.semanariolocal.cl\/index.php?rest_route=%2Fwp%2Fv2%2Fcategories&post=8501"},{"taxonomy":"post_tag","embeddable":true,"href":"https:\/\/www.semanariolocal.cl\/index.php?rest_route=%2Fwp%2Fv2%2Ftags&post=8501"}],"curies":[{"name":"wp","href":"https:\/\/api.w.org\/{rel}","templated":true}]}}