{"id":8495,"date":"2022-10-04T18:28:47","date_gmt":"2022-10-04T21:28:47","guid":{"rendered":"https:\/\/www.semanariolocal.cl\/?p=8495"},"modified":"2022-10-04T18:32:59","modified_gmt":"2022-10-04T21:32:59","slug":"premios-nacionales-y-ex-ministros-analizan-el-presupuesto-2023-y-piden-priorizar-la-ciencia","status":"publish","type":"post","link":"https:\/\/www.semanariolocal.cl\/?p=8495","title":{"rendered":"Premios Nacionales y ex ministros analizan el presupuesto 2023 y piden priorizar la ciencia"},"content":{"rendered":"\n<p>Cada a\u00f1o desde 2018, a inicios del mes octubre, Chile conmemora el D\u00eda Nacional de las Ciencias, la Tecnolog\u00eda, el Conocimiento y la Innovaci\u00f3n, iniciativa que coincide con la creaci\u00f3n del ministerio del ramo en el pa\u00eds. Esta fecha fue instaurada por la UNESCO en 2001, con el prop\u00f3sito de acercar las actividades y el desarrollo cient\u00edfico a la ciudadan\u00eda.<\/p>\n\n\n\n<p>En este escenario, autoridades, acad\u00e9micos, ex ministros y Premios Nacionales de la Universidad de Chile analizaron los desaf\u00edos que enfrenta la naci\u00f3n en materia de desarrollo cient\u00edfico y tecnol\u00f3gico, especialmente tras la publicaci\u00f3n del presupuesto 2023 y en el contexto de la discusi\u00f3n para elaborar una nueva propuesta constitucional.<\/p>\n\n\n\n<p>El anuncio de un presupuesto de 9,6 puntos porcentuales en ciencia y tecnolog\u00eda realizado por el presidente Gabriel Boric de cara al 2023, es visto como una importante oportunidad para el pa\u00eds y el desarrollo de esta \u00e1rea pensando en el futuro. Enrique Aliste, Vicerrector de la Vicerrector\u00eda de Investigaci\u00f3n y Desarrollo de la casa de estudios, asegura que se trata de \u201cla primera se\u00f1al bien contundente de que existe una voluntad de llevar adelante un efectivo incremento en lo que significa el presupuesto para este tema tan relevante\u201d.&nbsp;<\/p>\n\n\n\n<p>Para el acad\u00e9mico y Premio Nacional de Geograf\u00eda 2018, \u201chay un camino largo a\u00fan. Porque los incrementos porcentuales en el PIB en materia presupuestaria establecen desaf\u00edos importantes (&#8230;) \u201c\u00bfTenemos institucionalidad que est\u00e9 preparada para dar soporte a una ejecuci\u00f3n presupuestaria con este incremento? Es una discusi\u00f3n necesaria. Tenemos la responsabilidad de llevarla adelante para poder movilizar una reflexi\u00f3n m\u00e1s amplia\u201d.<\/p>\n\n\n\n<p><strong>De cara al desarrollo de Chile<\/strong><\/p>\n\n\n\n<p>La Organizaci\u00f3n de las Naciones Unidas declara que la ciencia tiene un papel fundamental en la construcci\u00f3n de la paz al fomentar la cooperaci\u00f3n internacional para alcanzar el desarrollo, por eso es tan importante para Chile y el planeta.<\/p>\n\n\n\n<p>La Encuesta sobre gasto y personal en Investigaci\u00f3n y Desarrollo del Ministerio de Ciencia, Tecnolog\u00eda, Conocimiento e Innovaci\u00f3n, en torno a datos referenciados en el a\u00f1o 2020, dan cuenta que la inversi\u00f3n en I + D en Chile se mantiene en 0,34% del PIB, representando una ca\u00edda de $14.938 millones en relaci\u00f3n a la \u00faltima encuesta realizada en la materia.&nbsp;<\/p>\n\n\n\n<p>Seg\u00fan dicha indagaci\u00f3n, los \u00faltimos 10 a\u00f1os, desde el 2010 al 2020, no ha existido un gran aumento econ\u00f3mico en esta \u00e1rea, sin embargo, esa realidad podr\u00eda cambiar.<\/p>\n\n\n\n<p>Ante el anuncio presupuestario, el acad\u00e9mico de la Facultad de Ciencias Qu\u00edmicas y Premio Nacional de Ciencias Naturales en 2022, Sergio Lavandero, expres\u00f3 que estamos en momentos de cambio donde se debe ser estrat\u00e9gicos e invertir en educaci\u00f3n y ciencia de calidad. \u201cNuestra comunidad cient\u00edfica es a\u00fan peque\u00f1a. Los pa\u00edses desarrollados priorizan un porcentaje significativo de su PIB en Ciencia, Tecnolog\u00eda, Creaci\u00f3n Art\u00edstica, Innovaci\u00f3n y Emprendimiento. Ah\u00ed est\u00e1 la clave, la palabra inversi\u00f3n y no gasto\u201d, apunt\u00f3.<\/p>\n\n\n\n<p>Por su parte, el acad\u00e9mico de la Facultad de Medicina, Ricardo Araya Baltra, explic\u00f3 que Chile est\u00e1 al final en cuanto a inversi\u00f3n de recursos en ciencia de los pa\u00edses de la OCDE. \u201cAhora que tenemos otra oportunidad de escribir otra Constituci\u00f3n y darle la importancia a algo que es fundamental para el futuro del pa\u00eds\u201d, a\u00f1adi\u00f3 el tambi\u00e9n Premio Nacional de Ciencias Aplicadas y Tecnol\u00f3gicas 2022.<\/p>\n\n\n\n<p>Respecto a la nueva inversi\u00f3n de recursos econ\u00f3micos en la investigaci\u00f3n cient\u00edfica, el Presupuesto del Gobierno para el pr\u00f3ximo a\u00f1o tendr\u00e1 una inversi\u00f3n de casi 76 mil millones de pesos. Sobre lo positivo de inyectar m\u00e1s financiamiento en esta \u00e1rea, el ex ministro de Ciencia, Tecnolog\u00eda, Conocimiento e Innovaci\u00f3n de Chile y acad\u00e9mico de la Facultad de Medicina, Andr\u00e9s Couve, expres\u00f3 que \u201cdebemos consolidar en Chile la naciente institucionalidad en torno al uso de la evidencia en la toma de decisiones, en la articulaci\u00f3n de capacidades para resolver grandes desaf\u00edos, en la respuesta a emergencias, y en c\u00f3mo estas tem\u00e1ticas se comparten con la ciudadan\u00eda\u201d.&nbsp;<\/p>\n\n\n\n<p>Su par, el acad\u00e9mico de la Facultad de Medicina, Flavio Salazar y ex ministro de la cartera del presidente Gabriel Boric, afirm\u00f3 que \u201ces necesario implementar una estrategia de desarrollo que tenga a la ciencia, la tecnolog\u00eda y la innovaci\u00f3n en el centro, eso requiere un aumento de recursos, incorporando elementos como la colaboraci\u00f3n y descentralizaci\u00f3n\u201d.&nbsp;<\/p>\n","protected":false},"excerpt":{"rendered":"<p>En el contexto del D\u00eda Nacional de la Ciencia, investigadores y autoridades de la Universidad de Chile apuntan a una mayor inversi\u00f3n en I+D, adem\u00e1s de darle relevancia a esta tem\u00e1tica en el debate por la nueva Constituci\u00f3n.<\/p>\n","protected":false},"author":1,"featured_media":8496,"comment_status":"closed","ping_status":"closed","sticky":false,"template":"","format":"standard","meta":{"footnotes":""},"categories":[3,12,11],"tags":[],"class_list":["post-8495","post","type-post","status-publish","format-standard","has-post-thumbnail","hentry","category-al-dia","category-economia","category-educacion"],"_links":{"self":[{"href":"https:\/\/www.semanariolocal.cl\/index.php?rest_route=\/wp\/v2\/posts\/8495","targetHints":{"allow":["GET"]}}],"collection":[{"href":"https:\/\/www.semanariolocal.cl\/index.php?rest_route=\/wp\/v2\/posts"}],"about":[{"href":"https:\/\/www.semanariolocal.cl\/index.php?rest_route=\/wp\/v2\/types\/post"}],"author":[{"embeddable":true,"href":"https:\/\/www.semanariolocal.cl\/index.php?rest_route=\/wp\/v2\/users\/1"}],"replies":[{"embeddable":true,"href":"https:\/\/www.semanariolocal.cl\/index.php?rest_route=%2Fwp%2Fv2%2Fcomments&post=8495"}],"version-history":[{"count":1,"href":"https:\/\/www.semanariolocal.cl\/index.php?rest_route=\/wp\/v2\/posts\/8495\/revisions"}],"predecessor-version":[{"id":8497,"href":"https:\/\/www.semanariolocal.cl\/index.php?rest_route=\/wp\/v2\/posts\/8495\/revisions\/8497"}],"wp:featuredmedia":[{"embeddable":true,"href":"https:\/\/www.semanariolocal.cl\/index.php?rest_route=\/wp\/v2\/media\/8496"}],"wp:attachment":[{"href":"https:\/\/www.semanariolocal.cl\/index.php?rest_route=%2Fwp%2Fv2%2Fmedia&parent=8495"}],"wp:term":[{"taxonomy":"category","embeddable":true,"href":"https:\/\/www.semanariolocal.cl\/index.php?rest_route=%2Fwp%2Fv2%2Fcategories&post=8495"},{"taxonomy":"post_tag","embeddable":true,"href":"https:\/\/www.semanariolocal.cl\/index.php?rest_route=%2Fwp%2Fv2%2Ftags&post=8495"}],"curies":[{"name":"wp","href":"https:\/\/api.w.org\/{rel}","templated":true}]}}