{"id":8486,"date":"2022-10-04T18:18:26","date_gmt":"2022-10-04T21:18:26","guid":{"rendered":"https:\/\/www.semanariolocal.cl\/?p=8486"},"modified":"2022-10-04T18:18:57","modified_gmt":"2022-10-04T21:18:57","slug":"llaman-a-informar-presencia-de-nematodo-que-afecta-a-la-produccion-de-frutillas","status":"publish","type":"post","link":"https:\/\/www.semanariolocal.cl\/?p=8486","title":{"rendered":"Llaman a informar presencia de nematodo que afecta a la producci\u00f3n de frutillas"},"content":{"rendered":"\n<p>Hace tres meses, el Ministerio de Agricultura alert\u00f3 sobre&nbsp;&nbsp;la presencia en Chile del nematodo cuarentenario de la frutilla,&nbsp;<em>Aphelenchoides fragariae<\/em>, la cual fue confirmada por los laboratorios del Servicio Agr\u00edcola y Ganadero (SAG), dando paso a una declaraci\u00f3n de emergencia agr\u00edcola para contener esta enfermedad&nbsp;&nbsp;-que se detect\u00f3 en la zona centro sur- y, de esta forma, hacer m\u00e1s expedita&nbsp;&nbsp;la vigilancia fitosanitaria en la zona de producci\u00f3n de frutillas, que incluy\u00f3 la Regi\u00f3n de Los Lagos.&nbsp;&nbsp;<\/p>\n\n\n\n<p>Tras conocer los resultados de los primeros muestreos, la Seremi de Agricultura, Tania Salas, inform\u00f3 que se corrobor\u00f3 la presencia de la enfermedad en tres predios de la regi\u00f3n, dos en la comuna de R\u00edo Negro y uno en Llanquihue, y se estima el n\u00famero podr\u00eda aumentar a medida que se hagan muestreos en m\u00e1s predios. \u201cLos servicios del Ministerio de Agricultura se encuentran trabajando, desde el primer momento, para establecer una serie de medidas sanitarias para reducir al m\u00e1ximo el impacto y la dispersi\u00f3n de la plaga. Llamamos a los productores a estar atentos al comportamiento de sus plantas de frutillas y a notificar al SAG si observan alguna sintomatolog\u00eda sospechosa en sus cultivos, pedimos que se acerquen al SAG para que los inspectores puedan tomar muestras y realizar los an\u00e1lisis correspondientes y, de confirmarse la presencia, tomen de inmediato las medidas indicadas para evitar su diseminaci\u00f3n\u201d.&nbsp;<\/p>\n\n\n\n<p>En esa l\u00ednea, la autoridad agreg\u00f3 que \u201cqueremos recorrer este camino junto a los productores, les pedimos que informen en caso de sospecha, si un predio resulta positivo se informar\u00e1n las medidas que debe tomar para evitar que la plaga se siga propagando y evitar mayores p\u00e9rdidas&nbsp;<\/p>\n\n\n\n<p>En esa l\u00ednea, Carolina Giovannini, Encargada Regional de Protecci\u00f3n Agr\u00edcola, Forestal y Semillas del SAG, sostuvo que \u201ceste es un nem\u00e1todo, una especie de gusano microsc\u00f3pico, que en el caso de la frutilla afecta a la parte a\u00e9rea. Los s\u00edntomas son malformaciones en el follaje, da\u00f1o en las hojas, necrosis y muerte de tejidos, y finalmente afecta el rendimiento del fruto, produciendo malformaciones . Para su diagn\u00f3stico es importante que los productores notifiquen al SAG para que el Servicio tome una muestra y coordine su an\u00e1lisis en laboratorio\u201d.&nbsp;&nbsp;<\/p>\n\n\n\n<p>Con relaci\u00f3n al nivel de p\u00e9rdidas en la producci\u00f3n que la enfermedad pudiera ocasionar, Giovannini sostuvo que \u201cesa informaci\u00f3n, hasta ahora es m\u00e1s bien bibliogr\u00e1fica, porque en el pa\u00eds no tenemos antecedentes del da\u00f1o que provoca, pero seg\u00fan la literatura podr\u00eda ser entre un 60 y 80 por ciento, cifra que corresponde a lo reportado por otros pa\u00edses\u201d.&nbsp;<\/p>\n\n\n\n<p>Igualmente, se hizo un llamado a no intercambiar&nbsp;plantines, estolones o comprar plantas en ferias y mercados informales, sino abastecerse en viveros certificados y previamente chequeados por el SAG.&nbsp;<\/p>\n\n\n\n<p>Por su parte, Ana Mar\u00eda Valck, jefa del Departamento de Fomento de INDAP Los Lagos, inform\u00f3 que el Servicio tiene un catastro de 600 peque\u00f1os agricultores productores de frutillas a quienes se les est\u00e1 informando del impacto de esta plaga y a los que se espera orientar para que puedan chequear sus cultivos.&nbsp;<\/p>\n\n\n\n<p>Asimismo, la subdirectora de INIA Remehue, Ana Mar\u00eda M\u00e9ndez, se\u00f1al\u00f3 que la entidad coloc\u00f3 a disposici\u00f3n su red de laboratorios para poder hacer una detecci\u00f3n r\u00e1pida mediante test PCR para la detecci\u00f3n r\u00e1pida del nem\u00e1todo, coloc\u00e1ndose a disposici\u00f3n del SAG con 500 muestras mensuales por 4 meses para poder determinar qu\u00e9 planta est\u00e1 enferma y cu\u00e1l no.&nbsp;<\/p>\n\n\n\n<p>Ignacio Hott, productor de frutillas de la provincia de Osorno, se\u00f1al\u00f3 que \u201cno sabemos en qu\u00e9 magnitud nos afectar\u00e1 esta plaga, eso nos tiene muy preocupados\u201d. Igualmente, mostr\u00f3 inquietud por la propagaci\u00f3n del nematodo al existir baja oferta de plantas de frutillas en el mercado, lo que puede llevar a algunos a multiplicar o intercambiar plantas enfermas. \u201cEs una muy mala pr\u00e1ctica, no se debe realizar, est\u00e1 prohibido, los productores no somos viveristas y no podemos correr el riego de pasarnos la enfermedad de campo en campo\u201d, afirm\u00f3.&nbsp;<\/p>\n\n\n\n<p><strong>Medidas&nbsp;<\/strong><\/p>\n\n\n\n<p>Para financiar los gastos generados por la presencia del nem\u00e1todo del enanismo de primavera de la frutilla (<em>Aphelenchoides fragariae<\/em>), el Ministerio de Agricultura anunci\u00f3 $1.935 millones para contener la enfermedad y beneficiar a cerca de dos mil productores de frutillas del pa\u00eds, ya que la mayor parte pertenecen a la agricultura familiar campesina. E&nbsp;<\/p>\n\n\n\n<p>A nivel regional, y una vez detectada la plaga en la Regi\u00f3n de Los Lagos, la Seremi de Agricultura junto a los servicios del agro y representantes de los productores, conformaron una mesa t\u00e9cnica para abordar medidas para evitar la dispersi\u00f3n del nem\u00e1todo.&nbsp;<\/p>\n\n\n\n<p>Por su parte, el SAG aument\u00f3 la capacidad anal\u00edtica de su red de laboratorios y autoriz\u00f3 a dos laboratorios privados para apoyar en el diagn\u00f3stico de este nem\u00e1todo. A la fecha, adem\u00e1s, ya aprob\u00f3 el uso especial de 13 plaguicidas para controlar esta enfermedad.&nbsp;<\/p>\n","protected":false},"excerpt":{"rendered":"<p>Seremi de Agricultura inform\u00f3 que esta plaga no afecta la salud humana, pero impacta en el rendimiento del cultivo, por lo que llam\u00f3 a productores a notificar su eventual presencia ante el SAG y evitar, as\u00ed, una mayor propagaci\u00f3n de la enfermedad y p\u00e9rdidas econ\u00f3micas en el rubro.<\/p>\n","protected":false},"author":1,"featured_media":8488,"comment_status":"closed","ping_status":"closed","sticky":false,"template":"","format":"standard","meta":{"footnotes":""},"categories":[3],"tags":[],"class_list":["post-8486","post","type-post","status-publish","format-standard","has-post-thumbnail","hentry","category-al-dia"],"_links":{"self":[{"href":"https:\/\/www.semanariolocal.cl\/index.php?rest_route=\/wp\/v2\/posts\/8486","targetHints":{"allow":["GET"]}}],"collection":[{"href":"https:\/\/www.semanariolocal.cl\/index.php?rest_route=\/wp\/v2\/posts"}],"about":[{"href":"https:\/\/www.semanariolocal.cl\/index.php?rest_route=\/wp\/v2\/types\/post"}],"author":[{"embeddable":true,"href":"https:\/\/www.semanariolocal.cl\/index.php?rest_route=\/wp\/v2\/users\/1"}],"replies":[{"embeddable":true,"href":"https:\/\/www.semanariolocal.cl\/index.php?rest_route=%2Fwp%2Fv2%2Fcomments&post=8486"}],"version-history":[{"count":1,"href":"https:\/\/www.semanariolocal.cl\/index.php?rest_route=\/wp\/v2\/posts\/8486\/revisions"}],"predecessor-version":[{"id":8487,"href":"https:\/\/www.semanariolocal.cl\/index.php?rest_route=\/wp\/v2\/posts\/8486\/revisions\/8487"}],"wp:featuredmedia":[{"embeddable":true,"href":"https:\/\/www.semanariolocal.cl\/index.php?rest_route=\/wp\/v2\/media\/8488"}],"wp:attachment":[{"href":"https:\/\/www.semanariolocal.cl\/index.php?rest_route=%2Fwp%2Fv2%2Fmedia&parent=8486"}],"wp:term":[{"taxonomy":"category","embeddable":true,"href":"https:\/\/www.semanariolocal.cl\/index.php?rest_route=%2Fwp%2Fv2%2Fcategories&post=8486"},{"taxonomy":"post_tag","embeddable":true,"href":"https:\/\/www.semanariolocal.cl\/index.php?rest_route=%2Fwp%2Fv2%2Ftags&post=8486"}],"curies":[{"name":"wp","href":"https:\/\/api.w.org\/{rel}","templated":true}]}}