{"id":8466,"date":"2022-10-04T12:49:55","date_gmt":"2022-10-04T15:49:55","guid":{"rendered":"https:\/\/www.semanariolocal.cl\/?p=8466"},"modified":"2022-10-04T12:49:55","modified_gmt":"2022-10-04T15:49:55","slug":"chile-rural-lanza-campana-informativa-en-el-contexto-de-subdivisiones-de-predios-rurales","status":"publish","type":"post","link":"https:\/\/www.semanariolocal.cl\/?p=8466","title":{"rendered":"Chile Rural lanza campa\u00f1a informativa en el contexto de subdivisiones de predios rurales"},"content":{"rendered":"\n<p>La Asociaci\u00f3n Gremial Chile Rural lanz\u00f3 una campa\u00f1a que busca aclarar ciertas impresiones que distintas autoridades han manifestado en el contexto del instructivo enviado por el Servicio Agr\u00edcola Ganadero (SAG), que ordena endurecer los criterios para aprobar subdivisiones de predios rurales y suspender todas aquellas que puedan ser usadas para fines inmobiliarios.<\/p>\n\n\n\n<p>La iniciativa del gremio se basa en la realizaci\u00f3n de c\u00e1psulas en las que representantes dan respuesta a afirmaciones erradas por parte de las autoridades, con \u00e9nfasis en las facultades de las distintas instituciones dentro del marco legal, para fiscalizar y tomar medidas frente a la problem\u00e1tica de la subdivisi\u00f3n de predios rurales.<\/p>\n\n\n\n<p>En su primer cap\u00edtulo, el asesor jur\u00eddico de Chile Rural, Carlos Gajardo, responde al alcalde de Puerto Varas, Tom\u00e1s G\u00e1rate, quien asegur\u00f3 en el Seminario Alza de Parcelaciones en la Patagonia. \u201cUna amenaza socioambiental\u201d, que como municipio \u201cestamos de frent\u00f3n paralizando proyectos, paralizando nuevos proyectos inmobiliarios rurales, ya que no cuentan con permisos de edificaci\u00f3n de sus urbanizaciones, entendiendo el problema que hay detr\u00e1s\u00bb.<\/p>\n\n\n\n<p>Respecto a ello, Gajardo explica que la afirmaci\u00f3n de G\u00e1rate \u201ces incorrecta, por cuanto los municipios no tienen facultades para paralizar proyectos. Lo que la ley les permite en caso de que estimen que no se cumplen los requisitos en una determinada subdivisi\u00f3n predial, es efectuar la denuncia y remitir esos antecedentes al juzgado de polic\u00eda local. Lo que est\u00e1 sucediendo en los hechos es que por la v\u00eda administrativa se est\u00e1 efectuando una modificaci\u00f3n a la manera en que durante los \u00faltimos 30 a\u00f1os se han hecho las subdivisiones prediales, y una modificaci\u00f3n de este tipo, solo la puede hacer el legislador, es el congreso quien tiene esa atribuci\u00f3n. Al obrar de esta manera el municipio est\u00e1 actuando ilegalmente\u201d.<\/p>\n\n\n\n<p>En una segunda presentaci\u00f3n, Gajardo responde a El\u00edas Araya, jefe del Departamento de Protecci\u00f3n y Conservaci\u00f3n de Suelos y Aguas del SAG, quien en conversaci\u00f3n con el canal 24 Horas asegur\u00f3 que&nbsp;\u00abse han incorporado nuevos criterios en el proceso de revisi\u00f3n, criterios que apuntan espec\u00edficamente a velar porque las solicitudes que se presenten sean de aquellas alineadas con el objetivo 3.516, es decir, alguien eventualmente viene a presentar una solicitud con claros fines inmobiliarios, entender\u00e1 usted que estamos obligados por ley a resolver en negativo\u00bb.<\/p>\n\n\n\n<p>Gajardo explica que \u201cel SAG no puede incorporar nuevos criterios que no sean aquellos que est\u00e1n establecidos en la ley donde expresamente se se\u00f1ala que los predios pueden ser divididos libremente por sus propietarios en el art\u00edculo primero. Si estima que se vulnera el decreto ley 3.516, lo que debe hacer es presentar la denuncia al juzgado de polic\u00eda local correspondiente. El SAG no es el que crea la ley, si no le gusta la norma es el congreso el \u00fanico que puede modificarla\u201d.<\/p>\n\n\n\n<p>Desde Chile Rural explican que la idea es seguir realizando c\u00e1psulas explicativas, con el fin de aclarar distintas aseveraciones erradas que autoridades han instalado en la contingencia.<\/p>\n\n\n\n<p>El presidente del gremio, Tom\u00e1s Prado, explica que \u201cllevamos varios meses enfrascados en una discusi\u00f3n que, por ley, debe generarse en el congreso, pero diversas autoridades definieron que fuera de una forma arbitraria, a trav\u00e9s de instructivos que est\u00e1n por debajo de la normativa legal. Como gremio alzamos la voz al tema que est\u00e1 bastante manoseado por una serie de actores que antes, jam\u00e1s opinaron, y que hoy, se sienten grandes referentes. Esta campa\u00f1a que hemos iniciado busca aclarar y confrontar una serie de declaraciones y opiniones de autoridades y actores asociados, que requieren contraparte y es por ello que daremos fuerza a nuestro relato, que representa a much\u00edsimas personas que trabajan en este rubro afectado y a tantas familias que han visto truncado su sue\u00f1o de adquirir un sitio rural.\u201d<\/p>\n","protected":false},"excerpt":{"rendered":"<p> \u201cEsta campa\u00f1a busca aclarar y confrontar una serie de declaraciones y opiniones de autoridades y actores asociados, que requieren contraparte y es por ello que daremos fuerza a nuestro relato, que representa a much\u00edsimas personas que trabajan en este rubro afectado y a tantas familias que han visto truncado su sue\u00f1o de adquirir un sitio rural\u201d, explica el presidente del gremio Tom\u00e1s Prado.<\/p>\n","protected":false},"author":1,"featured_media":8467,"comment_status":"closed","ping_status":"closed","sticky":false,"template":"","format":"standard","meta":{"footnotes":""},"categories":[3],"tags":[],"class_list":["post-8466","post","type-post","status-publish","format-standard","has-post-thumbnail","hentry","category-al-dia"],"_links":{"self":[{"href":"https:\/\/www.semanariolocal.cl\/index.php?rest_route=\/wp\/v2\/posts\/8466","targetHints":{"allow":["GET"]}}],"collection":[{"href":"https:\/\/www.semanariolocal.cl\/index.php?rest_route=\/wp\/v2\/posts"}],"about":[{"href":"https:\/\/www.semanariolocal.cl\/index.php?rest_route=\/wp\/v2\/types\/post"}],"author":[{"embeddable":true,"href":"https:\/\/www.semanariolocal.cl\/index.php?rest_route=\/wp\/v2\/users\/1"}],"replies":[{"embeddable":true,"href":"https:\/\/www.semanariolocal.cl\/index.php?rest_route=%2Fwp%2Fv2%2Fcomments&post=8466"}],"version-history":[{"count":1,"href":"https:\/\/www.semanariolocal.cl\/index.php?rest_route=\/wp\/v2\/posts\/8466\/revisions"}],"predecessor-version":[{"id":8468,"href":"https:\/\/www.semanariolocal.cl\/index.php?rest_route=\/wp\/v2\/posts\/8466\/revisions\/8468"}],"wp:featuredmedia":[{"embeddable":true,"href":"https:\/\/www.semanariolocal.cl\/index.php?rest_route=\/wp\/v2\/media\/8467"}],"wp:attachment":[{"href":"https:\/\/www.semanariolocal.cl\/index.php?rest_route=%2Fwp%2Fv2%2Fmedia&parent=8466"}],"wp:term":[{"taxonomy":"category","embeddable":true,"href":"https:\/\/www.semanariolocal.cl\/index.php?rest_route=%2Fwp%2Fv2%2Fcategories&post=8466"},{"taxonomy":"post_tag","embeddable":true,"href":"https:\/\/www.semanariolocal.cl\/index.php?rest_route=%2Fwp%2Fv2%2Ftags&post=8466"}],"curies":[{"name":"wp","href":"https:\/\/api.w.org\/{rel}","templated":true}]}}