{"id":8441,"date":"2022-10-01T11:00:00","date_gmt":"2022-10-01T14:00:00","guid":{"rendered":"https:\/\/www.semanariolocal.cl\/?p=8441"},"modified":"2022-10-01T23:04:18","modified_gmt":"2022-10-02T02:04:18","slug":"afps-deben-responder-por-las-perdidas-de-los-fondos-de-pensiones","status":"publish","type":"post","link":"https:\/\/www.semanariolocal.cl\/?p=8441","title":{"rendered":"AFPs deben responder por las p\u00e9rdidas de los fondos de pensiones"},"content":{"rendered":"\n<p>El diputado independiente, Carlos Bianchi, llam\u00f3 al Congreso para que ponga celeridad, o que el gobierno le otorgue urgencia, a la reforma constitucional de su autor\u00eda que busca que las Administradoras de Fondos de Pensiones se responsabilicen por las p\u00e9rdidas de los multifondos.<\/p>\n\n\n\n<p>El texto legal se\u00f1ala que \u201clas instituciones privadas que administren fondos de pensiones provenientes de cotizaciones obligatorias, ser\u00e1n responsables hasta por culpa lev\u00edsima y concurrir\u00e1 siempre la indemnizaci\u00f3n de perjuicios por todo da\u00f1o causado al afiliado\u201d, agregando que \u201cse presume la responsabilidad civil de la administradora cuando la rentabilidad anual del fondo de pensi\u00f3n del afiliado sea negativa\u201d.<\/p>\n\n\n\n<p>El diputado Bianchi, sostuvo que \u201clo que estamos proponiendo en esta reforma es que se debe determinar el est\u00e1ndar de diligencia debida de las AFP, que tienen la obligaci\u00f3n de administrar dineros de terceros cuando existe un inter\u00e9s p\u00fablico comprometido. Una vez m\u00e1s hemos sido testigos de los resultados extraordinariamente negativos de septiembre&nbsp;de todos los multifondos de los ahorrantes de las AFP, pero lo absurdo es que los accionistas y las propias administradoras que nos cobran por colocar y administrar nuestros dineros, tienen rentabilidad positiva a todo evento\u201d.<\/p>\n\n\n\n<p>\u201cEl problema es que los cotizantes est\u00e1n asumiendo altos costos de esta mal llamada rentabilidad negativa.&nbsp;<strong>El efecto que esto produce es mucho m\u00e1s perjudicial que un retiro del 10%<\/strong>. Aqu\u00ed hemos tenido p\u00e9rdidas millonarias, por lo tanto, vuelvo a hacer un llamado al Congreso para que ponga celeridad para tratar este proyecto, o que lo haga el gobierno, ya que en su momento el propio Presidente de la Rep\u00fablica llev\u00f3 adelante una defensa, que yo espero no haya cambiado de opini\u00f3n, respecto al perjuicio que tenemos los ahorrantes en los distintos multifondos\u201d, manifest\u00f3 Carlos Bianchi.<\/p>\n\n\n\n<p>Por su parte, el diputado independiente y coautor de la iniciativa, Jaime Araya, manifest\u00f3 que \u201cpara nosotros es fundamental detener los abusos que cometen las AFP en contra de los cotizantes. Es inmoral que mientras las AFP y sus due\u00f1os se llenan los bolsillos de plata a costa del sufrimiento de las y los trabajadores, sean \u00e9stos los que tengan que soportar las p\u00e9rdidas. Los poderosos due\u00f1os de las AFP tienen que hacerse responsable por la mala administraci\u00f3n de los fondos de pensiones\u201d.<\/p>\n\n\n\n<p>Finalmente, el Jefe de la Bancada PPD-Independientes y firmante de la reforma, Cristi\u00e1n Tapia, manifest\u00f3 que \u201clo que est\u00e1 pasando no es un tema nuevo. Mientras todos los fondos pierden a\u00f1o a a\u00f1o una cantidad de plata enorme, las AFP sacan utilidades y siguen reparti\u00e9ndosela entre los accionistas. Por eso, debemos tener una ley que cuando se produzcan estas enormes p\u00e9rdidas por una mala administraci\u00f3n, este costo tambi\u00e9n debe asumirlo las AFP. No se puede estar jugando con la plata de chilenos y chilenas que son los perjudicados con pensiones bajas. Mientras esperamos por una reforma previsional, tambi\u00e9n es necesario avanzar en un proyecto que responsabilice a los&nbsp;ejecutivos de malas decisiones\u00bb.<\/p>\n","protected":false},"excerpt":{"rendered":"<p>El diputado independiente, Carlos Bianchi, llam\u00f3 al Congreso para que ponga celeridad, o que el gobierno le otorgue urgencia, a la reforma constitucional de su autor\u00eda que busca que las Administradoras de Fondos de Pensiones se responsabilicen por las p\u00e9rdidas de los multifondos. El texto legal se\u00f1ala que \u201clas instituciones privadas que administren fondos de&#8230;<a class=\"btnReadMore\" href=\"https:\/\/www.semanariolocal.cl\/?p=8441\"> Leer M\u00e1s<\/a><\/p>\n","protected":false},"author":1,"featured_media":8442,"comment_status":"closed","ping_status":"closed","sticky":false,"template":"","format":"standard","meta":{"footnotes":""},"categories":[3,6],"tags":[],"class_list":["post-8441","post","type-post","status-publish","format-standard","has-post-thumbnail","hentry","category-al-dia","category-politica"],"_links":{"self":[{"href":"https:\/\/www.semanariolocal.cl\/index.php?rest_route=\/wp\/v2\/posts\/8441","targetHints":{"allow":["GET"]}}],"collection":[{"href":"https:\/\/www.semanariolocal.cl\/index.php?rest_route=\/wp\/v2\/posts"}],"about":[{"href":"https:\/\/www.semanariolocal.cl\/index.php?rest_route=\/wp\/v2\/types\/post"}],"author":[{"embeddable":true,"href":"https:\/\/www.semanariolocal.cl\/index.php?rest_route=\/wp\/v2\/users\/1"}],"replies":[{"embeddable":true,"href":"https:\/\/www.semanariolocal.cl\/index.php?rest_route=%2Fwp%2Fv2%2Fcomments&post=8441"}],"version-history":[{"count":1,"href":"https:\/\/www.semanariolocal.cl\/index.php?rest_route=\/wp\/v2\/posts\/8441\/revisions"}],"predecessor-version":[{"id":8443,"href":"https:\/\/www.semanariolocal.cl\/index.php?rest_route=\/wp\/v2\/posts\/8441\/revisions\/8443"}],"wp:featuredmedia":[{"embeddable":true,"href":"https:\/\/www.semanariolocal.cl\/index.php?rest_route=\/wp\/v2\/media\/8442"}],"wp:attachment":[{"href":"https:\/\/www.semanariolocal.cl\/index.php?rest_route=%2Fwp%2Fv2%2Fmedia&parent=8441"}],"wp:term":[{"taxonomy":"category","embeddable":true,"href":"https:\/\/www.semanariolocal.cl\/index.php?rest_route=%2Fwp%2Fv2%2Fcategories&post=8441"},{"taxonomy":"post_tag","embeddable":true,"href":"https:\/\/www.semanariolocal.cl\/index.php?rest_route=%2Fwp%2Fv2%2Ftags&post=8441"}],"curies":[{"name":"wp","href":"https:\/\/api.w.org\/{rel}","templated":true}]}}