{"id":8380,"date":"2022-09-30T16:55:00","date_gmt":"2022-09-30T19:55:00","guid":{"rendered":"https:\/\/www.semanariolocal.cl\/?p=8380"},"modified":"2022-09-30T17:33:35","modified_gmt":"2022-09-30T20:33:35","slug":"historica-adjudicacion-de-fondos-para-mejoramiento-de-bibliotecas-en-la-region","status":"publish","type":"post","link":"https:\/\/www.semanariolocal.cl\/?p=8380","title":{"rendered":"Hist\u00f3rica adjudicaci\u00f3n de fondos para mejoramiento de Bibliotecas en la regi\u00f3n"},"content":{"rendered":"\n<p>Hist\u00f3rica adjudicaci\u00f3n de fondos para fortalecer las bibliotecas en la regi\u00f3n, entrega ministerio de Las Culturas, las Artes y el patrimonio, a trav\u00e9s del Programa de Mejoramiento Integral (PMI) del Sistema Nacional de Bibliotecas P\u00fablicas del Servicio Nacional del Patrimonio, que beneficia a las Bibliotecas p\u00fablicas municipales en convenio con el Servicio a nivel nacional, a trav\u00e9s de las l\u00edneas de Infraestructura, Equipamiento y Mobiliario, Equipamiento Covid19 y Colecciones Bibliogr\u00e1ficas.<\/p>\n\n\n\n<p>En la regi\u00f3n de Los Lagos, la Coordinaci\u00f3n Regional de Bibliotecas efectu\u00f3 un trabajo directo de apoyo en la formulaci\u00f3n y acompa\u00f1amiento de la presentaci\u00f3n de proyectos debido a la contingencia, dificultades de postulaci\u00f3n y gesti\u00f3n en la formulaci\u00f3n por parte de las bibliotecas, proceso que fue complicado; no obstante, a pesar de ello la regi\u00f3n de Los Lagos, finalmente se adjudic\u00f3 23 proyectos; siendo la regi\u00f3n con m\u00e1s bibliotecas beneficiadas con el PMI a\u00f1o 2021.<\/p>\n\n\n\n<p>La ministra de las Culturas, las Artes y el Patrimonio, Julieta Brodsky, destac\u00f3 que \u201cdestinar recursos para fortalecer las bibliotecas del pa\u00eds es una gesti\u00f3n que debemos asumir como Estado, ya sea fomentando nuevos servicios bibliotecarios o mejorando las condiciones de las bibliotecas que ya existen. Incrementar estos espacios tiene un objetivo final, que es que los ni\u00f1os, ni\u00f1as y j\u00f3venes puedan desarrollar su creatividad, puedan imaginar, aprender, obtener conocimiento, coquetear con la literatura. Somos un pa\u00eds que tiene grandes escritoras y escritores y promover este arte, que de alguna forma est\u00e1 en nuestro ADN, as\u00ed como la lectura, es tambi\u00e9n nuestra responsabilidad\u201d.<\/p>\n\n\n\n<p>Por su parte, la seremi Cristina A\u00f1asco resalt\u00f3 el trabajo de los funcionarios y funcionarias de la Coordinaci\u00f3n de Regional de Bibliotecas, en el acompa\u00f1amiento a las bibliotecas de la regi\u00f3n y se\u00f1al\u00f3 que \u201cestamos muy contentos por la adjudicaci\u00f3n de estos fondos que permitir\u00e1n sumar mejor calidad y condiciones para nuestras bibliotecas. De los 23 proyectos adjudicados, 8 fueron de la categor\u00eda de Equipamiento y Mobiliario, 12 en la subcategor\u00eda medidas sanitarias Covid19 y 3 en la categor\u00eda \u201cColecciones Bibliogr\u00e1ficas\u201d, esto permitir\u00e1 a las bibliotecas de Llanquihue, Purranque, Osorno Centro, Puyehue, Palena, Futaleufu, Frutillar, Los Muermos, Dalcahue, Fresia, Puerto Varas, Queilen, Cochamo Rio Puelo, San Pablo, Calbuco, Achao, Puerto Octay y Osorno Rahue Alto, contar con nuevo mobiliario que implicara dotarlas de nuevas y mejores estanter\u00edas, habilitaci\u00f3n y renovaci\u00f3n de salas infantiles, exhibidores, sillones, nuevas colecciones, entre otras\u201d. Otro punto que resalt\u00f3 la autoridad es que adem\u00e1s estas bibliotecas podr\u00e1n otorgar seguridad a sus espacios a trav\u00e9s de equipamientos sanitarios ante una eventual atenci\u00f3n a p\u00fablico, todo apuntando a una mejora en la calidad del servicio que estas bibliotecas prestan a sus comunidades locales.<\/p>\n\n\n\n<figure class=\"wp-block-table is-style-stripes\"><table><tbody><tr><td><strong>Categor\u00eda \u201cEquipamiento y Mobiliario\u201d A\u00f1o 2021<\/strong><strong><\/strong><\/td><\/tr><tr><td><strong>N\u00b0<\/strong><strong><\/strong><\/td><td><strong>Biblioteca<\/strong><strong><\/strong><\/td><td><strong>Proyecto<\/strong><strong><\/strong><\/td><td><strong>Monto ($)<\/strong><strong><\/strong><\/td><\/tr><tr><td>1<\/td><td>Llanquihue<\/td><td>Implementaci\u00f3n&nbsp;&nbsp;&nbsp;&nbsp;&nbsp;&nbsp;&nbsp;&nbsp;&nbsp;&nbsp;&nbsp;&nbsp;&nbsp;&nbsp;&nbsp;&nbsp;&nbsp;&nbsp;&nbsp;&nbsp;&nbsp;&nbsp;&nbsp;&nbsp;&nbsp;&nbsp;&nbsp;&nbsp;&nbsp;&nbsp;&nbsp; Rinc\u00f3n&nbsp;&nbsp;&nbsp;&nbsp;&nbsp;&nbsp;&nbsp;&nbsp;&nbsp;&nbsp;&nbsp;&nbsp;&nbsp;&nbsp;&nbsp;&nbsp;&nbsp;&nbsp;&nbsp;&nbsp;&nbsp;&nbsp;&nbsp;&nbsp;&nbsp;&nbsp;&nbsp;&nbsp;&nbsp;&nbsp;&nbsp; Infantil Biblioteca 372 de Llanquihue<\/td><td>$19.489.169<\/td><\/tr><tr><td>2<\/td><td>Purranque<\/td><td>Renovaci\u00f3n de Mobiliario y Habilitaci\u00f3n de BiblioTerraza.<\/td><td>$19.979.509<\/td><\/tr><tr><td>3<\/td><td>Osorno Centro<\/td><td>Renovaci\u00f3n Sala Infantil Biblioteca 510 de Osorno Central.<\/td><td>$19.962.285<\/td><\/tr><tr><td>4<\/td><td>Puyehue<\/td><td>Renovaci\u00f3n de mobiliario y habilitaci\u00f3n de espacios para la Biblioteca N\u00b0199 Puyehue.<\/td><td>$17.905.420<\/td><\/tr><tr><td>5<\/td><td>Palena<\/td><td>Bibliomovil: La Ruta de las Letras y la Cultura en Palena.<\/td><td>$17.809.717<\/td><\/tr><tr><td>6<\/td><td>Futaleufu<\/td><td>La Biblioteca como espacio cultural: Renovaci\u00f3n&nbsp;&nbsp;&nbsp;&nbsp;&nbsp;&nbsp;&nbsp;&nbsp;&nbsp;&nbsp; de&nbsp;&nbsp;&nbsp;&nbsp;&nbsp;&nbsp;&nbsp;&nbsp;&nbsp;&nbsp;&nbsp;&nbsp;&nbsp;&nbsp;&nbsp;&nbsp;&nbsp;&nbsp;&nbsp;&nbsp;&nbsp;&nbsp;&nbsp;&nbsp;&nbsp;&nbsp;&nbsp; mobiliario&nbsp;&nbsp;&nbsp;&nbsp;&nbsp;&nbsp;&nbsp;&nbsp;&nbsp;&nbsp;&nbsp;&nbsp; para&nbsp;&nbsp;&nbsp;&nbsp;&nbsp;&nbsp;&nbsp;&nbsp;&nbsp;&nbsp;&nbsp;&nbsp;&nbsp;&nbsp;&nbsp;&nbsp;&nbsp;&nbsp;&nbsp;&nbsp;&nbsp;&nbsp;&nbsp; la biblioteca 334 de Futaleuf\u00fa.<\/td><td>$19.421.074<\/td><\/tr><tr><td>7<\/td><td>Frutillar<\/td><td>Sala Multiuso y Video Conferencia \u00abNuevos Tiempos\u00bb.<\/td><td>$12.433.754<\/td><\/tr><tr><td>8<\/td><td>Los Muermos<\/td><td>Programa de Mejoramiento Integral de Bibliotecas P\u00fablicas, para la implementaci\u00f3n de estanter\u00edas y rinc\u00f3n infantil Biblioteca P\u00fablica N\u00b0 396 Los Muermos.<\/td><td>$14.824.400<\/td><\/tr><tr><td><strong>SUBTOTAL<\/strong><strong><\/strong><\/td><td><strong>$141.825.328<\/strong><strong><\/strong><\/td><\/tr><tr><td><strong>Categor\u00eda \u201cCovid19\u201d A\u00f1o 2021<\/strong><strong><\/strong><\/td><\/tr><tr><td>1<\/td><td>Queilen<\/td><td>Adquisici\u00f3n de Equipamiento COVID-<\/td><td>$303.047<\/td><\/tr><\/tbody><\/table><\/figure>\n\n\n\n<figure class=\"wp-block-table is-style-stripes\"><table><tbody><tr><td>&nbsp;<\/td><td>&nbsp;<\/td><td>19 para la Biblioteca 333<\/td><td>&nbsp;<\/td><\/tr><tr><td>2<\/td><td>Fresia<\/td><td>Adquisici\u00f3n de Equipamientos de Protecci\u00f3n COVID-19 para la Biblioteca de Fresia<\/td><td>$662.043<\/td><\/tr><tr><td>3<\/td><td>Rio Puelo<\/td><td>Adquisici\u00f3n de Equipamiento de COVID-19 para la Biblioteca 224<\/td><td>$662.043<\/td><\/tr><tr><td>4<\/td><td>Puerto Varas<\/td><td>Habilitaci\u00f3n de Espacios Personalizados COVID-19<\/td><td>$3.510.520<\/td><\/tr><tr><td>5<\/td><td>San Pablo<\/td><td>Adquisici\u00f3n de equipamiento COVID- 19 para Biblioteca 325<\/td><td>$662.043<\/td><\/tr><tr><td>6<\/td><td>Dalcahue<\/td><td>Equipemos y se\u00f1alicemos la ruta hacia nuestra biblioteca, haci\u00e9ndola m\u00e1s visible a la ciudadan\u00eda, m\u00e1s atractiva a sus habitantes y m\u00e1s segura frente a la pandemia.<\/td><td>$3.756.756<\/td><\/tr><tr><td>7<\/td><td>Calbuco<\/td><td>Equipamiento Biblioteca P\u00fablica de Calbuco.<\/td><td>$666.420<\/td><\/tr><tr><td>8<\/td><td>Puyehue<\/td><td>Renovaci\u00f3n de mobiliario y habilitaci\u00f3n de espacios para la Biblioteca N\u00b0199 Puyehue.<\/td><td>$617.761<\/td><\/tr><tr><td>9<\/td><td>Palena<\/td><td>Bibliomovil: La Ruta de las Letras y la Cultura en Palena.<\/td><td>$1.451.800<\/td><\/tr><tr><td>10<\/td><td>Achao<\/td><td>Habilitaci\u00f3n Espacios Personalizados Covid-19.<\/td><td>$4.109.673<\/td><\/tr><tr><td>11<\/td><td>Purranque<\/td><td>Habilitaci\u00f3n de espacios COVID-19.<\/td><td>$4.564.281<\/td><\/tr><tr><td>12<\/td><td>Puerto Octay<\/td><td>Adquisici\u00f3n Implementaci\u00f3n Covid 19.<\/td><td>$3.370.460<\/td><\/tr><tr><td><strong>SUBTOTAL<\/strong><strong><\/strong><\/td><td><strong>$24.222.872<\/strong><strong><\/strong><\/td><\/tr><tr><td><strong>Categor\u00eda \u201cColecciones Bibliogr\u00e1ficas\u201d A\u00f1o 2021<\/strong><strong><\/strong><\/td><\/tr><tr><td>1<\/td><td>Frutillar<\/td><td>Incremento de la colecci\u00f3n infantil Biblioteca Frutillar.<\/td><td>$4.999.543<\/td><\/tr><tr><td>2<\/td><td>Osorno Rahue Alto<\/td><td>Fortaleciendo el compromiso lector: nuevas colecciones para nuestra Biblioteca.<\/td><td>$4.998.600<\/td><\/tr><tr><td>3<\/td><td>Puerto Varas<\/td><td>Autores del Sur &#8211; Recuperando a nuestros escritores locales.<\/td><td>$3.828.191<\/td><\/tr><tr><td><strong>SUBTOTAL<\/strong><strong><\/strong><\/td><td><strong>$13.826.334<\/strong><strong><\/strong><\/td><\/tr><tr><td>&nbsp;<\/td><td><strong>TOTAL ADJUDICADO<\/strong><strong><\/strong><\/td><td><strong>$179.874.534<\/strong><strong><\/strong><\/td><\/tr><\/tbody><\/table><\/figure>\n\n\n\n<figure class=\"wp-block-table is-style-stripes\"><table><tbody><tr><td><strong>A\u00f1o 2022<\/strong><strong><\/strong><\/td><\/tr><tr><td><strong>N\u00b0<\/strong><strong><\/strong><\/td><td><strong>Biblioteca<\/strong><strong><\/strong><\/td><td><strong>Proyecto<\/strong><strong><\/strong><\/td><td><strong>Monto ($)<\/strong><strong><\/strong><\/td><\/tr><tr><td>1<\/td><td>Puqueldon<\/td><td>Mejoramiento Biblioteca Puqueldon<\/td><td>$19.995.154<\/td><\/tr><tr><td>2<\/td><td>Calbuco<\/td><td>Nueva&nbsp;&nbsp;&nbsp;&nbsp;&nbsp;&nbsp;&nbsp; Colecci\u00f3n&nbsp;&nbsp;&nbsp;&nbsp;&nbsp;&nbsp;&nbsp;&nbsp;&nbsp;&nbsp;&nbsp;&nbsp;&nbsp;&nbsp;&nbsp;&nbsp;&nbsp;&nbsp;&nbsp; Bibliogr\u00e1fica&nbsp;&nbsp;&nbsp; para nuestra Biblioteca<\/td><td>$4.998.268<\/td><\/tr><tr><td>3<\/td><td>Mirasol-Pto. Montt<\/td><td>Fortaleciendo&nbsp;&nbsp;&nbsp;&nbsp;&nbsp;&nbsp;&nbsp;&nbsp;&nbsp;&nbsp;&nbsp;&nbsp;&nbsp;&nbsp;&nbsp;&nbsp;&nbsp;&nbsp;&nbsp;&nbsp;&nbsp; los&nbsp;&nbsp;&nbsp;&nbsp;&nbsp;&nbsp;&nbsp;&nbsp;&nbsp;&nbsp;&nbsp;&nbsp;&nbsp;&nbsp;&nbsp;&nbsp;&nbsp;&nbsp;&nbsp;&nbsp;&nbsp;&nbsp;&nbsp;&nbsp;&nbsp;&nbsp;&nbsp;&nbsp;&nbsp;&nbsp;&nbsp;&nbsp;&nbsp;&nbsp;&nbsp;&nbsp;&nbsp;&nbsp;&nbsp;&nbsp;&nbsp;&nbsp;&nbsp;&nbsp;&nbsp;&nbsp;&nbsp; espacios comunitarios:&nbsp;&nbsp;&nbsp;&nbsp;&nbsp;&nbsp;&nbsp;&nbsp;&nbsp;&nbsp; Nuevo&nbsp;&nbsp;&nbsp;&nbsp;&nbsp;&nbsp;&nbsp;&nbsp;&nbsp;&nbsp;&nbsp;&nbsp;&nbsp;&nbsp;&nbsp;&nbsp;&nbsp;&nbsp;&nbsp;&nbsp;&nbsp;&nbsp;&nbsp;&nbsp;&nbsp;&nbsp;&nbsp;&nbsp;&nbsp;&nbsp;&nbsp;&nbsp;&nbsp;&nbsp;&nbsp;&nbsp;&nbsp; Equipamiento para la Biblioteca de Mirasol<\/td><td>$3.239.526<\/td><\/tr><tr><td><strong>TOTAL ADJUDICADO<\/strong><strong><\/strong><\/td><td><strong>$28.232.948<\/strong><strong><\/strong><\/td><\/tr><\/tbody><\/table><\/figure>\n\n\n\n<p>La adjudicaci\u00f3n de estos 26 proyectos en estos \u00faltimos 2 a\u00f1os, permite que desde la Red Regional de Bibliotecas P\u00fablicas se haya trabajado en la postulaci\u00f3n de pr\u00e1cticamente la totalidad de Bibliotecas P\u00fablicas municipales a este fondo; habi\u00e9ndose a lo largo de los 10 a\u00f1os de implementaci\u00f3n del Programa de Mejoramiento integral de Bibliotecas P\u00fablicas logrado una cobertura en la postulaci\u00f3n y adjudicaci\u00f3n en las 4 provincias de la regi\u00f3n (exceptu\u00e1ndose \u00fanicamente a las Bibliotecas de la poblaci\u00f3n Schilling de Osorno y la Biblioteca 371 de Cocham\u00f3, quienes no han postulado a ninguna &nbsp;de las categor\u00edas que ofrece este fondo).<\/p>\n\n\n\n<ul class=\"wp-block-list\"><li>Total presupuesto adjudicado en Bibliotecas Regi\u00f3n de Los lagos <strong>$611. 959.898<\/strong><\/li><li>N\u00b0 proyectos adjudicados 51<\/li><li>N\u00b0 Bibliotecas favorecidas 29<\/li><\/ul>\n","protected":false},"excerpt":{"rendered":"<p>Hist\u00f3rica adjudicaci\u00f3n de fondos para fortalecer las bibliotecas en la regi\u00f3n, entrega ministerio de Las Culturas, las Artes y el patrimonio, a trav\u00e9s del Programa de Mejoramiento Integral (PMI) del Sistema Nacional de Bibliotecas P\u00fablicas del Servicio Nacional del Patrimonio, que beneficia a las Bibliotecas p\u00fablicas municipales en convenio con el Servicio a nivel nacional,&#8230;<a class=\"btnReadMore\" href=\"https:\/\/www.semanariolocal.cl\/?p=8380\"> Leer M\u00e1s<\/a><\/p>\n","protected":false},"author":1,"featured_media":8381,"comment_status":"closed","ping_status":"closed","sticky":false,"template":"","format":"standard","meta":{"footnotes":""},"categories":[10],"tags":[],"class_list":["post-8380","post","type-post","status-publish","format-standard","has-post-thumbnail","hentry","category-cultura"],"_links":{"self":[{"href":"https:\/\/www.semanariolocal.cl\/index.php?rest_route=\/wp\/v2\/posts\/8380","targetHints":{"allow":["GET"]}}],"collection":[{"href":"https:\/\/www.semanariolocal.cl\/index.php?rest_route=\/wp\/v2\/posts"}],"about":[{"href":"https:\/\/www.semanariolocal.cl\/index.php?rest_route=\/wp\/v2\/types\/post"}],"author":[{"embeddable":true,"href":"https:\/\/www.semanariolocal.cl\/index.php?rest_route=\/wp\/v2\/users\/1"}],"replies":[{"embeddable":true,"href":"https:\/\/www.semanariolocal.cl\/index.php?rest_route=%2Fwp%2Fv2%2Fcomments&post=8380"}],"version-history":[{"count":1,"href":"https:\/\/www.semanariolocal.cl\/index.php?rest_route=\/wp\/v2\/posts\/8380\/revisions"}],"predecessor-version":[{"id":8382,"href":"https:\/\/www.semanariolocal.cl\/index.php?rest_route=\/wp\/v2\/posts\/8380\/revisions\/8382"}],"wp:featuredmedia":[{"embeddable":true,"href":"https:\/\/www.semanariolocal.cl\/index.php?rest_route=\/wp\/v2\/media\/8381"}],"wp:attachment":[{"href":"https:\/\/www.semanariolocal.cl\/index.php?rest_route=%2Fwp%2Fv2%2Fmedia&parent=8380"}],"wp:term":[{"taxonomy":"category","embeddable":true,"href":"https:\/\/www.semanariolocal.cl\/index.php?rest_route=%2Fwp%2Fv2%2Fcategories&post=8380"},{"taxonomy":"post_tag","embeddable":true,"href":"https:\/\/www.semanariolocal.cl\/index.php?rest_route=%2Fwp%2Fv2%2Ftags&post=8380"}],"curies":[{"name":"wp","href":"https:\/\/api.w.org\/{rel}","templated":true}]}}