{"id":8366,"date":"2022-09-29T23:38:08","date_gmt":"2022-09-30T02:38:08","guid":{"rendered":"https:\/\/www.semanariolocal.cl\/?p=8366"},"modified":"2022-09-29T23:38:23","modified_gmt":"2022-09-30T02:38:23","slug":"proyecto-busca-que-gobiernos-regionales-puedan-traspasar-saldos-finales-de-caja-a-presupuesto-2023","status":"publish","type":"post","link":"https:\/\/www.semanariolocal.cl\/?p=8366","title":{"rendered":"Proyecto busca que Gobiernos Regionales puedan traspasar saldos finales de caja a presupuesto 2023"},"content":{"rendered":"\n<p>Seg\u00fan el \u00faltimo informe de la Subsecretar\u00eda de Desarrollo Regional (Subdere), el promedio nacional de ejecuci\u00f3n de los presupuestos regionales en nuestro pa\u00eds, entre enero y julio, alcanz\u00f3 el 30,7%. \u00c9sta, es la peor cifra desde el a\u00f1o 2010, estando muy por debajo del promedio hist\u00f3rico que es del 50%. Es m\u00e1s, ni siquiera con cat\u00e1strofes naturales como terremotos o la misma pandemia se hab\u00eda registrado una subejecuci\u00f3n tan baja. &nbsp;&nbsp;<\/p>\n\n\n\n<p>Ante este escenario, el autor del proyecto el diputado Christian Matheson (IND-EVO), present\u00f3 esta iniciativa que solicita al presidente de la Rep\u00fablica&nbsp;adopte las medidas legislativas necesarias para que los saldos finales de caja 2022 de los Gobiernos Regionales, a diferencia de lo adoptado en otros periodos presupuestarios, se reconozcan adicion\u00e1ndolos al presupuesto del 2023.<\/p>\n\n\n\n<p>\u201cHoy es urgente que el gobierno tome medidas inmediatas para que los proyectos de gran impacto social en nuestra regi\u00f3n no se vean afectados. Existen regiones de nuestro pa\u00eds con menos del 17% de ejecuci\u00f3n, esto es realmente muy grave y el gobierno no ha tomado raz\u00f3n del impacto que esto puede significar para las familias chilenas\u201d, explic\u00f3 Matheson, integrante de la comisi\u00f3n Econom\u00eda.<\/p>\n\n\n\n<p>\u201cEste proyecto que hoy presentamos viene por un lado a posicionar esta problem\u00e1tica grave que est\u00e1 ocurriendo hoy en Chile, y por otra parte dar un respiro a la inversi\u00f3n regional. En la regi\u00f3n de Magallanes y la Ant\u00e1rtica Chilena, durante el primer semestre exist\u00eda una ejecuci\u00f3n del 49,7%. Aqu\u00ed, tambi\u00e9n es importante hacer el llamado a los gobernadores para que se enfoquen en sacar adelante proyectos sociales y comunitarios que requiera la ciudadan\u00eda\u201d, sentenci\u00f3 el parlamentario.<\/p>\n\n\n\n<p>A continuaci\u00f3n, va una tabla con la inversi\u00f3n p\u00fablica que han ejecutado los gobernadores regionales, primer semestre del a\u00f1o en curso, que viene a justificar el proyecto recientemente presentado.<\/p>\n\n\n\n<figure class=\"wp-block-table is-style-stripes\"><table><tbody><tr><td><strong>Regi\u00f3n<\/strong><strong><\/strong><\/td><td><strong>Gobernadores<\/strong><strong><\/strong><\/td><td><strong>Ejecuci\u00f3n presupuestaria<\/strong><strong><\/strong><\/td><\/tr><tr><td>Arica-Parinacota<\/td><td>Jorge D\u00edaz (DC)<\/td><td>16,90%<\/td><\/tr><tr><td>Tarapac\u00e1<\/td><td>Jos\u00e9 Miguel Carvajal (FA)<\/td><td>16,90%<\/td><\/tr><tr><td>Antofagasta<\/td><td>Ricardo D\u00edaz (INDP)<\/td><td>18,60%<\/td><\/tr><tr><td>Atacama<\/td><td>Miguel Vargas (INDP)<\/td><td>16,60%<\/td><\/tr><tr><td>Coquimbo<\/td><td>Krist Naranjo (INDP)<\/td><td>15,60%<\/td><\/tr><tr><td>Valpara\u00edso<\/td><td>Rodrigo Mundaca (FA)<\/td><td>31,70%<\/td><\/tr><tr><td>Metropolitana<\/td><td>Claudio Orrego (DC)<\/td><td>34,70%<\/td><\/tr><tr><td>O\u2019Higgins<\/td><td>Pablo Silva (PS)<\/td><td>25,80%<\/td><\/tr><tr><td>Maule<\/td><td>Cristi\u00e1n Bravo (DC)<\/td><td>21,50%<\/td><\/tr><tr><td>\u00d1uble<\/td><td>Oscar Cris\u00f3stomo (PS)<\/td><td>31,70%<\/td><\/tr><tr><td>Biob\u00edo<\/td><td>Rodrigo D\u00edaz (INDP)<\/td><td>60,70%<\/td><\/tr><tr><td>Araucan\u00eda<\/td><td>Luciano Rivas (INDP)<\/td><td>33,60%<\/td><\/tr><tr><td>Los R\u00edos<\/td><td>Luis Cuvertino (PS)<\/td><td>34,40%<\/td><\/tr><tr><td>Los Lagos<\/td><td>Patricio Vallesp\u00edn (DC)<\/td><td>36,30%<\/td><\/tr><tr><td>Ays\u00e9n<\/td><td>Andrea Mac\u00edas (PS)<\/td><td>18,20%<\/td><\/tr><tr><td>Magallanes y Ant\u00e1rtica<\/td><td>Jorge Flies (INDP)<\/td><td>49,70%<\/td><\/tr><\/tbody><\/table><\/figure>\n\n\n\n<p>El proyecto, fue firmado por los diputados Francisco Undurraga, Jorge Guzm\u00e1n, Hotuiti Teao y Christian Matheson. &nbsp;<\/p>\n","protected":false},"excerpt":{"rendered":"<p>El prop\u00f3sito de la iniciativa es que la inversi\u00f3n regional no se vea afectada negativamente y de este modo, el presupuesto no ejecutado sea adicionado al siguiente periodo presupuestario.<\/p>\n","protected":false},"author":1,"featured_media":8367,"comment_status":"closed","ping_status":"closed","sticky":false,"template":"","format":"standard","meta":{"footnotes":""},"categories":[3,6],"tags":[],"class_list":["post-8366","post","type-post","status-publish","format-standard","has-post-thumbnail","hentry","category-al-dia","category-politica"],"_links":{"self":[{"href":"https:\/\/www.semanariolocal.cl\/index.php?rest_route=\/wp\/v2\/posts\/8366","targetHints":{"allow":["GET"]}}],"collection":[{"href":"https:\/\/www.semanariolocal.cl\/index.php?rest_route=\/wp\/v2\/posts"}],"about":[{"href":"https:\/\/www.semanariolocal.cl\/index.php?rest_route=\/wp\/v2\/types\/post"}],"author":[{"embeddable":true,"href":"https:\/\/www.semanariolocal.cl\/index.php?rest_route=\/wp\/v2\/users\/1"}],"replies":[{"embeddable":true,"href":"https:\/\/www.semanariolocal.cl\/index.php?rest_route=%2Fwp%2Fv2%2Fcomments&post=8366"}],"version-history":[{"count":1,"href":"https:\/\/www.semanariolocal.cl\/index.php?rest_route=\/wp\/v2\/posts\/8366\/revisions"}],"predecessor-version":[{"id":8368,"href":"https:\/\/www.semanariolocal.cl\/index.php?rest_route=\/wp\/v2\/posts\/8366\/revisions\/8368"}],"wp:featuredmedia":[{"embeddable":true,"href":"https:\/\/www.semanariolocal.cl\/index.php?rest_route=\/wp\/v2\/media\/8367"}],"wp:attachment":[{"href":"https:\/\/www.semanariolocal.cl\/index.php?rest_route=%2Fwp%2Fv2%2Fmedia&parent=8366"}],"wp:term":[{"taxonomy":"category","embeddable":true,"href":"https:\/\/www.semanariolocal.cl\/index.php?rest_route=%2Fwp%2Fv2%2Fcategories&post=8366"},{"taxonomy":"post_tag","embeddable":true,"href":"https:\/\/www.semanariolocal.cl\/index.php?rest_route=%2Fwp%2Fv2%2Ftags&post=8366"}],"curies":[{"name":"wp","href":"https:\/\/api.w.org\/{rel}","templated":true}]}}