{"id":8169,"date":"2022-09-20T14:15:00","date_gmt":"2022-09-20T17:15:00","guid":{"rendered":"https:\/\/www.semanariolocal.cl\/?p=8169"},"modified":"2022-09-20T16:43:36","modified_gmt":"2022-09-20T19:43:36","slug":"hubo-justicia-para-las-ninas-de-la-anita","status":"publish","type":"post","link":"https:\/\/www.semanariolocal.cl\/?p=8169","title":{"rendered":"\u00bfHubo justicia para las ni\u00f1as de la Anita?"},"content":{"rendered":"\n<p>Como psic\u00f3loga y perito forense con a\u00f1os de experiencia, s\u00e9 que es imprescindible que la justicia penal sea condenatoria con los victimarios, pero al mismo tiempo reparatoria con las v\u00edctimas.<\/p>\n\n\n\n<p>El jueves 8 de septiembre nos enteramos que el Tribunal de Juicio Oral de Valpara\u00edso declar\u00f3 culpables a los dos hombres que montaron una red de explotaci\u00f3n sexual comercial en torno a la residencia Anita Cruchaga en&nbsp;<a href=\"about:blank\">Vi\u00f1a del Mar<\/a>. Fueron tres meses de juicio, pero desde que iniciamos las primeras denuncias han pasado cuatro a\u00f1os. Las ni\u00f1as ya son mujeres.<\/p>\n\n\n\n<p>Hoy tenemos este fallo in\u00e9dito; es primera vez que el delito se llama como lo que es: explotaci\u00f3n sexual comercial de menores de edad, y no \u201cprostituci\u00f3n infantil\u201d, como se le dec\u00eda siempre err\u00f3neamente. Esto, sin duda, sienta un precedente y nos alegra. Fuimos varios los profesionales que ve\u00edamos a las ni\u00f1as como v\u00edctimas y buscamos defenderlas de estos siniestros delincuentes, y debemos sentirnos satisfechos. Pero lo dram\u00e1tico del caso es que muchas de las chicas que declararon en la causa incluso hoy no se consideran v\u00edctimas aunque les duele hasta el aliento, como canta Serrat.<\/p>\n\n\n\n<p>Para sanar una herida hay que verla, saber d\u00f3nde est\u00e1, por qu\u00e9 duele. Si no la ves, te hace da\u00f1o, pero no la puedes curar.<\/p>\n\n\n\n<p>Eso es lo que pas\u00f3 con las adolescentes que fueron explotadas por estos hombres.<\/p>\n\n\n\n<p>Las ni\u00f1as en residencias de protecci\u00f3n con tremendas historias de vulneraciones y abusos, particularmente sexuales, acarrean un nivel de da\u00f1o tal, que, si no son tratadas por la sociedad y todo el sistema de protecci\u00f3n con una perspectiva de g\u00e9nero, seguir\u00e1n reproduciendo el nefasto modelo patriarcal. Ese que llev\u00f3 incluso a sus madres a hacer la vista gorda cuando un padrastro o una pareja ocasional abus\u00f3 de ellas, que fue en muchos casos lo mismo que les pas\u00f3 a ellas con sus madres, hoy las abuelas.<\/p>\n\n\n\n<p>Para muchas de estas ni\u00f1as, triunfar en la vida, salir adelante, es conseguir un hombre que las quiera, armar \u201cfamilia\u201d, quedar embarazadas, ceder a sus deseos. Por ese malentendido amor, son capaces de entregarse a otros, si \u00e9l se los pide. Es un falso consentimiento el que ellas entregan, porque no tienen conciencia del abuso del que son v\u00edctimas, ya que su s\u00ed est\u00e1 mediado por sus historias de da\u00f1o, abandono, abuso.<\/p>\n\n\n\n<p>Y eso lo sab\u00edan los explotadores de las ni\u00f1as de la Anita Cruchaga.<\/p>\n\n\n\n<p>Con regalos, falso cari\u00f1o, fiestas, droga, las iban envolviendo en una espiral de manipulaci\u00f3n y deterioro. Y el sistema no ayud\u00f3 a pararlos a tiempo. Porque para actuar en consecuencia con la gravedad del delito, todos \u2013Carabineros, PDI, Cesfam, hospitales, colegios, tribunales, vecinos\u2013 debieron entender de inmediato que eran v\u00edctimas y no \u201ccabras sueltas\u201d que se portaban mal. Por eso creo que aqu\u00ed hubo condena, s\u00ed, pero no reparaci\u00f3n. Y que esas ni\u00f1as, que hoy son mujeres con distintas suertes (incluida una que tiene un hijo de su explotador y otra que muri\u00f3 de sobredosis en la calle) siguen sin tener justicia.<\/p>\n","protected":false},"excerpt":{"rendered":"<p>Como psic\u00f3loga y perito forense con a\u00f1os de experiencia, s\u00e9 que es imprescindible que la justicia penal sea condenatoria con los victimarios, pero al mismo tiempo reparatoria con las v\u00edctimas. El jueves 8 de septiembre nos enteramos que el Tribunal de Juicio Oral de Valpara\u00edso declar\u00f3 culpables a los dos hombres que montaron una red&#8230;<a class=\"btnReadMore\" href=\"https:\/\/www.semanariolocal.cl\/?p=8169\"> Leer M\u00e1s<\/a><\/p>\n","protected":false},"author":1,"featured_media":8170,"comment_status":"closed","ping_status":"closed","sticky":false,"template":"","format":"standard","meta":{"footnotes":""},"categories":[7],"tags":[],"class_list":["post-8169","post","type-post","status-publish","format-standard","has-post-thumbnail","hentry","category-opinion"],"_links":{"self":[{"href":"https:\/\/www.semanariolocal.cl\/index.php?rest_route=\/wp\/v2\/posts\/8169","targetHints":{"allow":["GET"]}}],"collection":[{"href":"https:\/\/www.semanariolocal.cl\/index.php?rest_route=\/wp\/v2\/posts"}],"about":[{"href":"https:\/\/www.semanariolocal.cl\/index.php?rest_route=\/wp\/v2\/types\/post"}],"author":[{"embeddable":true,"href":"https:\/\/www.semanariolocal.cl\/index.php?rest_route=\/wp\/v2\/users\/1"}],"replies":[{"embeddable":true,"href":"https:\/\/www.semanariolocal.cl\/index.php?rest_route=%2Fwp%2Fv2%2Fcomments&post=8169"}],"version-history":[{"count":1,"href":"https:\/\/www.semanariolocal.cl\/index.php?rest_route=\/wp\/v2\/posts\/8169\/revisions"}],"predecessor-version":[{"id":8171,"href":"https:\/\/www.semanariolocal.cl\/index.php?rest_route=\/wp\/v2\/posts\/8169\/revisions\/8171"}],"wp:featuredmedia":[{"embeddable":true,"href":"https:\/\/www.semanariolocal.cl\/index.php?rest_route=\/wp\/v2\/media\/8170"}],"wp:attachment":[{"href":"https:\/\/www.semanariolocal.cl\/index.php?rest_route=%2Fwp%2Fv2%2Fmedia&parent=8169"}],"wp:term":[{"taxonomy":"category","embeddable":true,"href":"https:\/\/www.semanariolocal.cl\/index.php?rest_route=%2Fwp%2Fv2%2Fcategories&post=8169"},{"taxonomy":"post_tag","embeddable":true,"href":"https:\/\/www.semanariolocal.cl\/index.php?rest_route=%2Fwp%2Fv2%2Ftags&post=8169"}],"curies":[{"name":"wp","href":"https:\/\/api.w.org\/{rel}","templated":true}]}}