{"id":8160,"date":"2022-09-20T14:45:00","date_gmt":"2022-09-20T17:45:00","guid":{"rendered":"https:\/\/www.semanariolocal.cl\/?p=8160"},"modified":"2022-09-20T16:21:28","modified_gmt":"2022-09-20T19:21:28","slug":"funcionario-del-mindep-ind-inicia-una-aventura-en-bicicleta-electrica-por-la-carretera-austral","status":"publish","type":"post","link":"https:\/\/www.semanariolocal.cl\/?p=8160","title":{"rendered":"Funcionario del Mindep IND inicia una aventura en bicicleta el\u00e9ctrica por la Carretera Austral"},"content":{"rendered":"\n<p>Una sorpresiva y grata visita al recinto Mindep IND de la capital regional realiz\u00f3 el funcionario del Nivel Central, Sim\u00f3n Michelow, quien es uno de los cuatro deportistas santiaguinos, cuyas edades fluct\u00faan entre los 14 a 56 a\u00f1os, que se juntaron para concretar el sue\u00f1o en com\u00fan, de recorrer la Carretera Austral desde Puerto Montt hasta Coyhaique, utilizando bicicletas el\u00e9ctricas.<\/p>\n\n\n\n<p>As\u00ed lo se\u00f1al\u00f3 uno de los integrantes, Daniel Hoppmann, quien indic\u00f3 que el objetivo es andar un tramo de 650 kil\u00f3metros, se\u00f1alando que \u201cvamos en cuatro bicicletas el\u00e9ctricas de marca Fahren, de distintos modelos, unas con ruedas anchas y otras con ruedas normales, con el objetivo de llegar hasta Coyhaique recorriendo cerca de 650 kil\u00f3metros y pretendemos llegar a destino entre el 29 al 30 de septiembre. Somos cuatro personas de diversas edades, Sim\u00f3n Michelow de 56 a\u00f1os, Sim\u00f3n Hoppmann de 14 a\u00f1os, Carlos Nilo de 50 a\u00f1os y yo, que tengo 49 a\u00f1os, todos somos amigos, entre vecinos, un compa\u00f1ero de universidad y mi hijo\u201d.<\/p>\n\n\n\n<p>En cuanto al clima de la zona, mencion\u00f3 que no ser\u00e1 un impedimento para concretar este desaf\u00edo, mencionando que \u201cvamos a realizar la traves\u00eda contra el viento y marea, pues daremos todo nuestro esfuerzo\u201d.<\/p>\n\n\n\n<p>Con relaci\u00f3n al tipo de las bicicletas que usar\u00e1n para realizar esta aventura, Daniel Hoppmann precis\u00f3 que \u201cson tres tipos de bicicletas que en general son el\u00e9ctricas asistidas, una con rueda ancha, otra de motor de 350 watts y una de 500 watts, significa que uno va pedaleando y el motor el\u00e9ctrico asiste el pedaleo y como son tramos largos, &#8211; siendo el m\u00e1s grande de 100 kil\u00f3metros-, la idea es hacer un esfuerzo medido, para llegar a destino tal como lo hemos planificado, la gracia de hacer este tipo de aventura con bicicleta el\u00e9ctrica, es que uno tiene que medir la bater\u00eda en el trayecto largo, no se puede acabar de una sola vez, tiene que rendir para llegar al otro punto\u201d.<\/p>\n\n\n\n<p>Daniel Hoppmann, tambi\u00e9n se refiri\u00f3 al tipo de terreno que deber\u00e1n enfrentar en esta ruta, as\u00ed como tambi\u00e9n, las condiciones clim\u00e1ticas, sosteniendo que \u201cvamos a pasar por distintos tipos de terreno, no conozco bien, ser\u00e1 una novedad, sabemos que hay una cuesta que tiene una inclinaci\u00f3n bastante pronunciada, de mil metros aproximadamente, ese tramo es de 65 kil\u00f3metros, ser\u00e1 un gran desaf\u00edo, as\u00ed como tambi\u00e9n, hacer deporte con tanta lluvia y llegar al otro punto, no somos grandes deportistas, lo hacemos como un paseo, que lo puede hacer cualquier persona, con cualquier estado f\u00edsico, pues nuestro objetivo es compartir, disfrutar la naturaleza del sur de Chile en su plenitud y vivirlo con intensidad\u201d.<\/p>\n\n\n\n<p>Por su parte, Sim\u00f3n Michelow, funcionario Mindep IND, con 26 a\u00f1os de trayectoria, destac\u00f3 la importancia de superar los desaf\u00edos planteados en todo \u00e1mbito, comentando que \u201ces un desaf\u00edo ante un evento tan grande como es ir en bicicleta al extremo sur, con un clima complejo pero entendiendo que como antiguo deportista que es uno, el objetivo es lograr vencer barreras, saber cruzarlas y crecer como persona, probarse hasta d\u00f3nde uno puede ser capaz, previniendo cualquier riesgo, pero dar lo mejor de uno, como en todo los \u00e1mbitos de la vida, profesional, personal y en los deportivo, estamos en las Fiestas Patrias, algo in\u00e9dito para nosotros, pero ser\u00e1 una bonita experiencia de vida, esa es nuestra expectativa, pasarlo bien, recorrer lo maravilloso del sur de nuestro pa\u00eds y esperamos llegar sin novedad a Coyhaique\u201d.<\/p>\n\n\n\n<p>El profesional agreg\u00f3 que \u201chay que predicar con el ejemplo, seguir haciendo deporte toda la vida, yo llegu\u00e9 con 27 a\u00f1os a la Instituci\u00f3n, hoy tengo 56 a\u00f1os, sigo haciendo deporte, me sigo moviendo, esperando que los j\u00f3venes de nuestro pa\u00eds se entusiasmen, hay que tener ganas y tener desaf\u00edos, hay que hacerse desaf\u00edos personales, el deporte es importante porque es el reflejo de la vida misma, lo mismo que se presentan en ella, como caerse, pararse, caerse y volverse a parar\u201d.&nbsp;<\/p>\n","protected":false},"excerpt":{"rendered":"<p>Un grupo, conformado por cuatro personas, entre amigos y vecinos, provenientes de Santiago, se plantearon el desaf\u00edo de recorrer los distintos paisajes sure\u00f1os, en un tramo de 650 kil\u00f3metros, cuya ruta comenzar\u00e1 en Puerto Montt con destino a Coyhaique.<\/p>\n","protected":false},"author":1,"featured_media":8161,"comment_status":"closed","ping_status":"closed","sticky":false,"template":"","format":"standard","meta":{"footnotes":""},"categories":[3],"tags":[],"class_list":["post-8160","post","type-post","status-publish","format-standard","has-post-thumbnail","hentry","category-al-dia"],"_links":{"self":[{"href":"https:\/\/www.semanariolocal.cl\/index.php?rest_route=\/wp\/v2\/posts\/8160","targetHints":{"allow":["GET"]}}],"collection":[{"href":"https:\/\/www.semanariolocal.cl\/index.php?rest_route=\/wp\/v2\/posts"}],"about":[{"href":"https:\/\/www.semanariolocal.cl\/index.php?rest_route=\/wp\/v2\/types\/post"}],"author":[{"embeddable":true,"href":"https:\/\/www.semanariolocal.cl\/index.php?rest_route=\/wp\/v2\/users\/1"}],"replies":[{"embeddable":true,"href":"https:\/\/www.semanariolocal.cl\/index.php?rest_route=%2Fwp%2Fv2%2Fcomments&post=8160"}],"version-history":[{"count":1,"href":"https:\/\/www.semanariolocal.cl\/index.php?rest_route=\/wp\/v2\/posts\/8160\/revisions"}],"predecessor-version":[{"id":8162,"href":"https:\/\/www.semanariolocal.cl\/index.php?rest_route=\/wp\/v2\/posts\/8160\/revisions\/8162"}],"wp:featuredmedia":[{"embeddable":true,"href":"https:\/\/www.semanariolocal.cl\/index.php?rest_route=\/wp\/v2\/media\/8161"}],"wp:attachment":[{"href":"https:\/\/www.semanariolocal.cl\/index.php?rest_route=%2Fwp%2Fv2%2Fmedia&parent=8160"}],"wp:term":[{"taxonomy":"category","embeddable":true,"href":"https:\/\/www.semanariolocal.cl\/index.php?rest_route=%2Fwp%2Fv2%2Fcategories&post=8160"},{"taxonomy":"post_tag","embeddable":true,"href":"https:\/\/www.semanariolocal.cl\/index.php?rest_route=%2Fwp%2Fv2%2Ftags&post=8160"}],"curies":[{"name":"wp","href":"https:\/\/api.w.org\/{rel}","templated":true}]}}