{"id":8154,"date":"2022-09-20T14:55:00","date_gmt":"2022-09-20T17:55:00","guid":{"rendered":"https:\/\/www.semanariolocal.cl\/?p=8154"},"modified":"2022-09-20T16:14:09","modified_gmt":"2022-09-20T19:14:09","slug":"peleas-y-discusiones-de-la-pareja-frente-a-los-ninos-danan-su-desarrollo-emocional-y-social","status":"publish","type":"post","link":"https:\/\/www.semanariolocal.cl\/?p=8154","title":{"rendered":"Peleas y discusiones de la pareja frente a los ni\u00f1os da\u00f1an su desarrollo emocional y social"},"content":{"rendered":"\n<p>En un programa del Fondo de las Naciones Unidas para la Infancia (UNICEF) llamado <strong>\u201cLa voz de los ni\u00f1os\u201d<\/strong>, cuando los expertos del programa les preguntaban a los menores acerca de cu\u00e1l era su mayor preocupaci\u00f3n, la respuesta m\u00e1s frecuente era: <strong>\u201cQue mis pap\u00e1s se peleen y que me reten\u201d<\/strong>.<\/p>\n\n\n\n<p>Si bien, las discusiones forman parte de la vida en pareja y resulta casi imposible erradicarlas del todo, lo cierto es que cuando estos conflictos no se enfrentan con mesura, pueden tener efectos muy nocivos en los ni\u00f1os.<\/p>\n\n\n\n<p>En Am\u00e9rica Latina casi el 50% de los menores se\u00f1ala la presencia de conductas violentas o agresivas en su hogar, y las consecuencias de perder el control frente a los ni\u00f1os(as) no son menores, por cuanto, diversas investigaciones indican que discutir de manera violenta ante los hijos puede da\u00f1ar seriamente su desarrollo emocional y, adem\u00e1s, afectar directamente su desempe\u00f1o escolar en el colegio.<\/p>\n\n\n\n<p>Un grupo de expertos de la Universidad de Cardiff, Gales, Reino Unido, dirigido por el Dr. Gordon Harold, realiz\u00f3 un seguimiento durante tres a\u00f1os a m\u00e1s de 500 familias inglesas. Entre las principales conclusiones a las que arribaron los investigadores destaca el hecho que <strong>\u201ccuando los ni\u00f1os se sienten amenazados a nivel emocional, tienden a sufrir s\u00edntomas tales como depresi\u00f3n, ansiedad y hostilidad\u201d<\/strong>, donde la reacci\u00f3n de los menores puede ser el de <strong>\u201cretraerse, o bien, volverse agresivos e intolerantes\u201d.<\/strong><\/p>\n\n\n\n<p>Lo anterior \u2013de acuerdo con el Dr. Harold\u2013 afecta las relaciones sociales del ni\u00f1o(a), ya sea con sus pares o con sus profesores, situaci\u00f3n que puede limitar severamente su potencial acad\u00e9mico en la escuela, ya que <strong>\u201ccualquier desacuerdo con sus compa\u00f1eros de colegio o con sus profesores, es mal tolerado por estos ni\u00f1os\u201d<\/strong>. Para los investigadores la clave de todo el asunto no reside en desterrar las discusiones, sino que en c\u00f3mo se las puede utilizar positivamente para que los ni\u00f1os aprendan a manejar y resolver sus conflictos de una mejor forma.<\/p>\n\n\n\n<p>La raz\u00f3n para prestar atenci\u00f3n a lo que se se\u00f1ala m\u00e1s arriba, es muy simple: en funci\u00f3n de los datos e informaci\u00f3n que entrega esta investigaci\u00f3n <strong>\u201ccualquiera que sea la intensidad de la disputa de la pareja, lo primero que causa en un ni\u00f1o es temor, estr\u00e9s y sensaci\u00f3n de abandono\u201d<\/strong>. Tambi\u00e9n puede suceder que la reacci\u00f3n del menor sea identificarse con el progenitor m\u00e1s violento y agresivo y, posteriormente, repetir el modelo, descalificando o insultado a la madre, si ve que su padre lo hace. Al rev\u00e9s, tambi\u00e9n puede acontecer que el ni\u00f1o(a) se sienta m\u00e1s af\u00edn con la persona m\u00e1s pasiva en la discusi\u00f3n y tienda a ser una persona t\u00edmida, temerosa y poco demandante.<\/p>\n\n\n\n<p>Una tercera reacci\u00f3n, es que el menor sienta que el motivo de la pelea es \u00e9l, en funci\u00f3n de lo cual, tender\u00e1 a experimentar mucha culpa, d\u00e1ndose la posibilidad de que el menor busque desconectarse de las peleas y discusiones de sus padres, convirti\u00e9ndose en uno de esos ni\u00f1os(as) que prefieren pasar el tiempo en casa de sus amigos, en lugar de estar en su propio hogar, y de que no querer salir a veranear junto a sus padres.<\/p>\n\n\n\n<p>Al respecto de lo anterior, resulta importante destacar que los ni\u00f1os no s\u00f3lo perciben las peleas cuando los padres alzan la voz y se gritan, sino que tambi\u00e9n cuando se producen insultos, descalificaciones y gestos agresivos entre ambos, tal como cuando se escuchan portazos, el acto violento de golpear y patear las puertas o darse empujones entre la pareja.<\/p>\n\n\n\n<p>En este sentido, los ni\u00f1os tienden a detectar muchas m\u00e1s cosas de las que los padres creen, ya que hay algunos pap\u00e1s que aseguran que sus hijos <strong>\u201cno se dan cuenta de nada, porque ellos discuten a puerta cerrada\u201d<\/strong>. Sin embargo, cuando se les pregunta a los ni\u00f1os acerca de esta situaci\u00f3n, \u00e9stos no s\u00f3lo se\u00f1alan que saben que sus padres est\u00e1n discutiendo, sino que adem\u00e1s, tienden a magnificar lo que sucede a puertas cerradas.<\/p>\n\n\n\n<p>Con la finalidad de evitar y\/o minimizar los da\u00f1os emocionales que pueden provocar las discusiones y peleas entre los padres, una de las sugerencias que entregan los expertos, es comenzar por dar el ejemplo a sus hijos de c\u00f3mo enfrentar y resolver un conflicto de buena manera. Revisemos algunas de estas sugerencias:<\/p>\n\n\n\n<ol class=\"wp-block-list\" type=\"1\"><li>Es preciso aprender \u2013como pareja\u2013 a enfrentar un conflicto de manera sana, es decir, sin violencia verbal o f\u00edsica y en un clima de respeto mutuo, donde no se produzcan descalificaciones, insultos o agresiones, sino que se muestre disposici\u00f3n a escucharse mutuamente y a negociar una posible soluci\u00f3n y acuerdo que satisfaga a ambas partes.<\/li><li>Evitar los exabruptos o la p\u00e9rdida del autocontrol&nbsp; durante una discusi\u00f3n frente a los ni\u00f1os. Si eso ocurriera, los padres deben buscar la manera de tranquilizar a los ni\u00f1os, haci\u00e9ndoles entender que resulta inevitable que las personas tengan, en ocasiones, puntos de vista diferentes, pero que eso no significa nada malo y que nada negativo ocurrir\u00e1 como resultado de esas diferencias.<\/li><li>No involucrar a los hijos en la disputa parental y evitar que ellos tomen partido por alguno de los padres. Esto ayuda a que los menores no imiten a sus padres o que adopten conductas agresivas o temerosas como resultado de haber estado expuestos a las peleas.<\/li><li>No resulta sano hacer que los ni\u00f1os participen en una discusi\u00f3n, si \u00e9sta tiene relaci\u00f3n con otorgar o no un permiso al hijo(a), ya que esto s\u00f3lo podr\u00eda generar un sentimiento de culpa en el menor.<\/li><li>Los ni\u00f1os deben ver a sus padres enfrentar sanamente sus puntos de vista en decisiones de car\u00e1cter cotidiano, por cuanto, esto repercute positivamente en que los hijos aprenden que no hay que temerle en el futuro a los conflictos, as\u00ed como tambi\u00e9n a valorar las diferencias de opini\u00f3n y saber escuchar con atenci\u00f3n y respeto a los dem\u00e1s.<\/li><\/ol>\n\n\n\n<p>Se\u00f1alemos finalmente, que el da\u00f1o emocional y social que provocan las peleas de los padres frente a los hijos puede verse reflejado en la autoestima de los menores, ya que esto afecta: (a) su relaci\u00f3n consigo mismo y con los dem\u00e1s, (b) su rendimiento escolar, (c) su capacidad de atenci\u00f3n, concentraci\u00f3n y creatividad. Esto por un lado.<\/p>\n\n\n\n<p>Por otra parte, tambi\u00e9n puede acontecer, que los ni\u00f1os tiendan a querer salir o escaparse del hogar, o bien, a encerrarse en su pieza, taparse los o\u00eddos y dar gritos de desahogo por la impotencia que sienten o, incluso, querer golpear a uno o a ambos padres como consecuencia de la experiencia negativa que est\u00e1n viviendo y que no saben c\u00f3mo canalizar.<\/p>\n\n\n\n<p>Dr. Franco Lotito C. \u2013 <a href=\"about:blank\">www.aurigaservicios.cl<\/a><\/p>\n\n\n\n<p>Acad\u00e9mico, escritor e investigador (PUC-UACh)<\/p>\n","protected":false},"excerpt":{"rendered":"<p>En un programa del Fondo de las Naciones Unidas para la Infancia (UNICEF) llamado \u201cLa voz de los ni\u00f1os\u201d, cuando los expertos del programa les preguntaban a los menores acerca de cu\u00e1l era su mayor preocupaci\u00f3n, la respuesta m\u00e1s frecuente era: \u201cQue mis pap\u00e1s se peleen y que me reten\u201d. Si bien, las discusiones forman&#8230;<a class=\"btnReadMore\" href=\"https:\/\/www.semanariolocal.cl\/?p=8154\"> Leer M\u00e1s<\/a><\/p>\n","protected":false},"author":1,"featured_media":8155,"comment_status":"closed","ping_status":"closed","sticky":false,"template":"","format":"standard","meta":{"footnotes":""},"categories":[3,7],"tags":[],"class_list":["post-8154","post","type-post","status-publish","format-standard","has-post-thumbnail","hentry","category-al-dia","category-opinion"],"_links":{"self":[{"href":"https:\/\/www.semanariolocal.cl\/index.php?rest_route=\/wp\/v2\/posts\/8154","targetHints":{"allow":["GET"]}}],"collection":[{"href":"https:\/\/www.semanariolocal.cl\/index.php?rest_route=\/wp\/v2\/posts"}],"about":[{"href":"https:\/\/www.semanariolocal.cl\/index.php?rest_route=\/wp\/v2\/types\/post"}],"author":[{"embeddable":true,"href":"https:\/\/www.semanariolocal.cl\/index.php?rest_route=\/wp\/v2\/users\/1"}],"replies":[{"embeddable":true,"href":"https:\/\/www.semanariolocal.cl\/index.php?rest_route=%2Fwp%2Fv2%2Fcomments&post=8154"}],"version-history":[{"count":1,"href":"https:\/\/www.semanariolocal.cl\/index.php?rest_route=\/wp\/v2\/posts\/8154\/revisions"}],"predecessor-version":[{"id":8156,"href":"https:\/\/www.semanariolocal.cl\/index.php?rest_route=\/wp\/v2\/posts\/8154\/revisions\/8156"}],"wp:featuredmedia":[{"embeddable":true,"href":"https:\/\/www.semanariolocal.cl\/index.php?rest_route=\/wp\/v2\/media\/8155"}],"wp:attachment":[{"href":"https:\/\/www.semanariolocal.cl\/index.php?rest_route=%2Fwp%2Fv2%2Fmedia&parent=8154"}],"wp:term":[{"taxonomy":"category","embeddable":true,"href":"https:\/\/www.semanariolocal.cl\/index.php?rest_route=%2Fwp%2Fv2%2Fcategories&post=8154"},{"taxonomy":"post_tag","embeddable":true,"href":"https:\/\/www.semanariolocal.cl\/index.php?rest_route=%2Fwp%2Fv2%2Ftags&post=8154"}],"curies":[{"name":"wp","href":"https:\/\/api.w.org\/{rel}","templated":true}]}}