{"id":8151,"date":"2022-09-20T15:05:00","date_gmt":"2022-09-20T18:05:00","guid":{"rendered":"https:\/\/www.semanariolocal.cl\/?p=8151"},"modified":"2022-09-20T16:07:13","modified_gmt":"2022-09-20T19:07:13","slug":"diputada-nuyado-solicito-establecer-control-mas-riguroso-a-buses-intercomunales-y-rurales","status":"publish","type":"post","link":"https:\/\/www.semanariolocal.cl\/?p=8151","title":{"rendered":"Diputada Nuyado solicit\u00f3 establecer control m\u00e1s riguroso a buses intercomunales y rurales"},"content":{"rendered":"\n<p>Luego del tr\u00e1gico accidente de tr\u00e1nsito registrado la tarde del jueves 15 de Septiembre en el sector \u201cLoma de la Piedra\u201d en la comuna de San Juan de la Costa, Provincia de Osorno, donde volc\u00f3 un bus, dejando como resultado el fallecimiento de una joven madre y m\u00e1s de 30 personas lesionadas, hubo inmediatas reacciones de la Diputada por la zona Emilia Nuyado.<\/p>\n\n\n\n<p>Junto con solidarizar con la familia de la persona que perdi\u00f3 la vida y quienes resultaron con las m\u00e1s diversas lesiones, la parlamentaria, reiter\u00f3 el llamado a las autoridades del Ministerio de Transporte y Telecomunicaciones en &nbsp;redoblar los esfuerzos para fiscalizar NO s\u00f3lo al transporte interprovincial, sino que adem\u00e1s las m\u00e1quinas que hacen recorridos intercomunales, zonas rurales y alejadas con el objeto de establecer las condiciones mec\u00e1nicas y est\u00e9ticas de estas unidades.<\/p>\n\n\n\n<p>De igual forma la Diputada, Emilia Nuyado, solicit\u00f3 a carabineros y el Ministerio de Transportes, llevar a cabo una rigurosa fiscalizaci\u00f3n a los conductores de los veh\u00edculos del transporte p\u00fablico para establecer que estos lo hagan con licencia de conducir, que este documento este vigente y que se encuentren en condiciones de guiar una m\u00e1quina donde cada d\u00eda miles de personas se desplazan desde el campo a la ciudad.<\/p>\n\n\n\n<p>\u201cTambi\u00e9n es fundamental que estos microbuses est\u00e9n en condiciones \u00f3ptimas para desplazarse por las complejas rutas del campo y que no sean veh\u00edculos que son dados de baja desde otras ciudades y que luego llegan a ser reutilizados para movilizar a las familias del mundo rural\u201d, se\u00f1al\u00f3 la Congresista. &nbsp;<\/p>\n","protected":false},"excerpt":{"rendered":"<p>Tras grave accidente reportado en la provincia de Osorno  parlamentaria del distrito 25 reaccion\u00f3 pidiendo mayor fiscalizaci\u00f3n<\/p>\n","protected":false},"author":1,"featured_media":8152,"comment_status":"closed","ping_status":"closed","sticky":false,"template":"","format":"standard","meta":{"footnotes":""},"categories":[6],"tags":[],"class_list":["post-8151","post","type-post","status-publish","format-standard","has-post-thumbnail","hentry","category-politica"],"_links":{"self":[{"href":"https:\/\/www.semanariolocal.cl\/index.php?rest_route=\/wp\/v2\/posts\/8151","targetHints":{"allow":["GET"]}}],"collection":[{"href":"https:\/\/www.semanariolocal.cl\/index.php?rest_route=\/wp\/v2\/posts"}],"about":[{"href":"https:\/\/www.semanariolocal.cl\/index.php?rest_route=\/wp\/v2\/types\/post"}],"author":[{"embeddable":true,"href":"https:\/\/www.semanariolocal.cl\/index.php?rest_route=\/wp\/v2\/users\/1"}],"replies":[{"embeddable":true,"href":"https:\/\/www.semanariolocal.cl\/index.php?rest_route=%2Fwp%2Fv2%2Fcomments&post=8151"}],"version-history":[{"count":1,"href":"https:\/\/www.semanariolocal.cl\/index.php?rest_route=\/wp\/v2\/posts\/8151\/revisions"}],"predecessor-version":[{"id":8153,"href":"https:\/\/www.semanariolocal.cl\/index.php?rest_route=\/wp\/v2\/posts\/8151\/revisions\/8153"}],"wp:featuredmedia":[{"embeddable":true,"href":"https:\/\/www.semanariolocal.cl\/index.php?rest_route=\/wp\/v2\/media\/8152"}],"wp:attachment":[{"href":"https:\/\/www.semanariolocal.cl\/index.php?rest_route=%2Fwp%2Fv2%2Fmedia&parent=8151"}],"wp:term":[{"taxonomy":"category","embeddable":true,"href":"https:\/\/www.semanariolocal.cl\/index.php?rest_route=%2Fwp%2Fv2%2Fcategories&post=8151"},{"taxonomy":"post_tag","embeddable":true,"href":"https:\/\/www.semanariolocal.cl\/index.php?rest_route=%2Fwp%2Fv2%2Ftags&post=8151"}],"curies":[{"name":"wp","href":"https:\/\/api.w.org\/{rel}","templated":true}]}}