{"id":8148,"date":"2022-09-20T15:16:00","date_gmt":"2022-09-20T18:16:00","guid":{"rendered":"https:\/\/www.semanariolocal.cl\/?p=8148"},"modified":"2022-09-20T15:56:46","modified_gmt":"2022-09-20T18:56:46","slug":"proyecto-plantea-que-autopistas-paguen-impuesto-territorial","status":"publish","type":"post","link":"https:\/\/www.semanariolocal.cl\/?p=8148","title":{"rendered":"Proyecto plantea que autopistas paguen impuesto territorial"},"content":{"rendered":"\n<p>El parlamentario por el distrito 12 de la Regi\u00f3n Metropolitana, \u00c1lvaro Carter, se\u00f1al\u00f3 que, \u00abcuando uno ve que todos los chilenos deben pagar sagradamente sus contribuciones, algunos haciendo un esfuerzo muy grande, surge de inmediato la interrogante del por qu\u00e9 las concesionarias que son due\u00f1as de las autopistas no hacen lo mismo en las comunas donde tienen instalados los p\u00f3rticos\u00bb.<\/p>\n\n\n\n<p>\u00abSon muchos los recursos que recaudan diariamente por cada cobro a los veh\u00edculos que pasan por aquellos p\u00f3rticos por lo que es de toda justicia que parte de esa recaudaci\u00f3n sea pagada a las municipalidades que reciben las externalidades negativas de tener una autopista. Hay vecinos que sufren porque para cruzar de un lado a otro tiene que caminar muchas cuadras para ello; o porque salen de sus casas y deben pasar por la autopista, se ven obligados a pagar un tag\u00bb.<\/p>\n\n\n\n<p>En la misma linea, agreg\u00f3 que \u00abexisten comunas tambi\u00e9n que tienen muchas necesidades y este ingreso adicional por parte de las autopistas ser\u00eda de gran ayuda para poder cubrir, insisto, las externalidades que significa el tener una autopista. No solo cobran sumas que no se justifican en lo m\u00e1s m\u00ednimo, sino que adem\u00e1s de prestar un mal servicio, obligan a los vecinos a pasar por sus carreteras sin dejarles la opci\u00f3n de evitar el cobro del tag\u00bb.<\/p>\n\n\n\n<p>Para concluir, Carter agreg\u00f3 que,\u00bb voy a presentar un proyecto de ley que obligue a los concesionarias de las&nbsp;autopistas a someterse al pago del impuesto territorial, el que deber\u00e1 entrar a los municipios correspondientes. Yo se que esta iniciativa legal para las autopistas que est\u00e1n acostumbradas al lobby y los contactos \u201cal m\u00e1s alto nivel\u201d no les llamar\u00e1 la atenci\u00f3n y frente a eso es que hago un llamado al Ejecutivo para que ponga urgencia y lo apoyemos en forma transversal para que de una vez por todas estas empresas \u2013 que insisto \u2013 recaudan mucho d\u00eda a d\u00eda, comiencen a retribuir de alguna forma los problemas que le generan a los vecinos\u00bb.<\/p>\n","protected":false},"excerpt":{"rendered":"<p>Actualmente las concesionarias est\u00e1n exentas del pago de contribuciones, por lo tanto el parlamentario cree que este tributo \u00abser\u00eda de gran ayuda\u00bb para que municipios puedan cubrir las externalidades que significa tener una autopista.<\/p>\n","protected":false},"author":1,"featured_media":8149,"comment_status":"closed","ping_status":"closed","sticky":false,"template":"","format":"standard","meta":{"footnotes":""},"categories":[6],"tags":[],"class_list":["post-8148","post","type-post","status-publish","format-standard","has-post-thumbnail","hentry","category-politica"],"_links":{"self":[{"href":"https:\/\/www.semanariolocal.cl\/index.php?rest_route=\/wp\/v2\/posts\/8148","targetHints":{"allow":["GET"]}}],"collection":[{"href":"https:\/\/www.semanariolocal.cl\/index.php?rest_route=\/wp\/v2\/posts"}],"about":[{"href":"https:\/\/www.semanariolocal.cl\/index.php?rest_route=\/wp\/v2\/types\/post"}],"author":[{"embeddable":true,"href":"https:\/\/www.semanariolocal.cl\/index.php?rest_route=\/wp\/v2\/users\/1"}],"replies":[{"embeddable":true,"href":"https:\/\/www.semanariolocal.cl\/index.php?rest_route=%2Fwp%2Fv2%2Fcomments&post=8148"}],"version-history":[{"count":1,"href":"https:\/\/www.semanariolocal.cl\/index.php?rest_route=\/wp\/v2\/posts\/8148\/revisions"}],"predecessor-version":[{"id":8150,"href":"https:\/\/www.semanariolocal.cl\/index.php?rest_route=\/wp\/v2\/posts\/8148\/revisions\/8150"}],"wp:featuredmedia":[{"embeddable":true,"href":"https:\/\/www.semanariolocal.cl\/index.php?rest_route=\/wp\/v2\/media\/8149"}],"wp:attachment":[{"href":"https:\/\/www.semanariolocal.cl\/index.php?rest_route=%2Fwp%2Fv2%2Fmedia&parent=8148"}],"wp:term":[{"taxonomy":"category","embeddable":true,"href":"https:\/\/www.semanariolocal.cl\/index.php?rest_route=%2Fwp%2Fv2%2Fcategories&post=8148"},{"taxonomy":"post_tag","embeddable":true,"href":"https:\/\/www.semanariolocal.cl\/index.php?rest_route=%2Fwp%2Fv2%2Ftags&post=8148"}],"curies":[{"name":"wp","href":"https:\/\/api.w.org\/{rel}","templated":true}]}}