{"id":8145,"date":"2022-09-20T15:26:00","date_gmt":"2022-09-20T18:26:00","guid":{"rendered":"https:\/\/www.semanariolocal.cl\/?p=8145"},"modified":"2022-09-20T15:52:12","modified_gmt":"2022-09-20T18:52:12","slug":"paulo-brunetti-cumplio-su-sueno-de-regresar-35-anos-despues-a-la-patagonia","status":"publish","type":"post","link":"https:\/\/www.semanariolocal.cl\/?p=8145","title":{"rendered":"Paulo Brunetti cumpli\u00f3 su sue\u00f1o de regresar 35 a\u00f1os despu\u00e9s a la patagonia"},"content":{"rendered":"\n<p>Brunetti pas\u00f3 d\u00edas recorriendo, junto a un grupo de turistas, un destino recientemente destacado en los \u201cWorld Travel Awards 2022\u201d, que ubica a Torres del Paine dentro del top de los destinos tur\u00edsticos.<\/p>\n\n\n\n<p>\u201cYo soy nacido y criado en la Patagonia, en Puerto Deseado Provincia de Santa Cruz a 700 km de Rio Gallego, donde me fui a vivir a los 4 a\u00f1os con mi familia. Fue una \u00e9poca maravillosa, est\u00e1bamos&nbsp;a 2 horas&nbsp;de Punta Arenas, tambi\u00e9n de Rio Turbio donde mi papa ten\u00eda clientes al lado de Puerto Natales.<\/p>\n\n\n\n<p>\u201cMi coraz\u00f3n es Patag\u00f3n, volver ac\u00e1 es emocionante, recorrer lugares que me traen tantos recuerdos, \u00edbamos mucho a un restaurante que estaba en Torres del Paine lamentablemente se cerr\u00f3 por la pandemia, la \u00faltima vez que estuve ah\u00ed yo ten\u00eda 13 a\u00f1os, es volver a un lugar que marc\u00f3 mi vida, a mi me emocionan mucho las tradiciones, volver a sentir ese frio que congela hasta los huesos, el ruido del viento. La gente del sur es distinta a la de cualquier parte del mundo, su cari\u00f1o, su solidaridad, su riqueza espiritual, el ir despacio por la vida, a m\u00ed me viene muy bien. Acompa\u00f1ado de turistas que ve\u00edan por primera vez Torres del Paine, que se emocionaban con lo estremecedor del paisaje. La leyenda dice el que prueba Calafate siempre vuelve estoy seguro que voy a regresar, este es un viaje que todos deber\u00edan hacer alguna vez en la vida\u201d.<\/p>\n","protected":false},"excerpt":{"rendered":"<p>El actor recibi\u00f3 la invitaci\u00f3n del periodista Claudio Iturra a trav\u00e9s de su agencia Masai Travel (www.masaitravel.cl) a viajar a la Patagonia, cumpliendo as\u00ed un deseo que el actor llevaba muchos a\u00f1os proyectando cumplir, regresar a sus ra\u00edces luego de 35 a\u00f1os. <\/p>\n","protected":false},"author":1,"featured_media":8146,"comment_status":"closed","ping_status":"closed","sticky":false,"template":"","format":"standard","meta":{"footnotes":""},"categories":[4],"tags":[],"class_list":["post-8145","post","type-post","status-publish","format-standard","has-post-thumbnail","hentry","category-reportajes"],"_links":{"self":[{"href":"https:\/\/www.semanariolocal.cl\/index.php?rest_route=\/wp\/v2\/posts\/8145","targetHints":{"allow":["GET"]}}],"collection":[{"href":"https:\/\/www.semanariolocal.cl\/index.php?rest_route=\/wp\/v2\/posts"}],"about":[{"href":"https:\/\/www.semanariolocal.cl\/index.php?rest_route=\/wp\/v2\/types\/post"}],"author":[{"embeddable":true,"href":"https:\/\/www.semanariolocal.cl\/index.php?rest_route=\/wp\/v2\/users\/1"}],"replies":[{"embeddable":true,"href":"https:\/\/www.semanariolocal.cl\/index.php?rest_route=%2Fwp%2Fv2%2Fcomments&post=8145"}],"version-history":[{"count":1,"href":"https:\/\/www.semanariolocal.cl\/index.php?rest_route=\/wp\/v2\/posts\/8145\/revisions"}],"predecessor-version":[{"id":8147,"href":"https:\/\/www.semanariolocal.cl\/index.php?rest_route=\/wp\/v2\/posts\/8145\/revisions\/8147"}],"wp:featuredmedia":[{"embeddable":true,"href":"https:\/\/www.semanariolocal.cl\/index.php?rest_route=\/wp\/v2\/media\/8146"}],"wp:attachment":[{"href":"https:\/\/www.semanariolocal.cl\/index.php?rest_route=%2Fwp%2Fv2%2Fmedia&parent=8145"}],"wp:term":[{"taxonomy":"category","embeddable":true,"href":"https:\/\/www.semanariolocal.cl\/index.php?rest_route=%2Fwp%2Fv2%2Fcategories&post=8145"},{"taxonomy":"post_tag","embeddable":true,"href":"https:\/\/www.semanariolocal.cl\/index.php?rest_route=%2Fwp%2Fv2%2Ftags&post=8145"}],"curies":[{"name":"wp","href":"https:\/\/api.w.org\/{rel}","templated":true}]}}