{"id":8136,"date":"2022-09-15T11:46:00","date_gmt":"2022-09-15T14:46:00","guid":{"rendered":"https:\/\/www.semanariolocal.cl\/?p=8136"},"modified":"2022-09-15T23:49:09","modified_gmt":"2022-09-16T02:49:09","slug":"multigremial-del-sur-manifiesta-preocupacion-por-nuevo-ataque-incendiario-en-region-de-los-rios","status":"publish","type":"post","link":"https:\/\/www.semanariolocal.cl\/?p=8136","title":{"rendered":"Multigremial del Sur manifiesta preocupaci\u00f3n por nuevo ataque incendiario en regi\u00f3n de Los R\u00edos"},"content":{"rendered":"\n<p>Desde la Multigremial del Sur manifestamos nuestro total repudio al ataque terrorista ocurrido en una faena forestal en la comuna de Lanco, donde sujetos armados intimidaron con armas largas y cortas a trabajadores que se encontraban en el lugar, para posteriormente quemar distintos tipos de veh\u00edculos.<\/p>\n\n\n\n<p>Observamos con preocupaci\u00f3n que el terrorismo siga presente en nuestras zonas, vulnerando el estado de derecho y afectando la fuente laboral de familias trabajadoras. Reiteramos que la violencia no es el camino e instamos al Gobierno a destinar las fuerzas de seguridad necesarias para un mayor control en rutas y caminos rurales de nuestra zona.<\/p>\n\n\n\n<p>El ataque ocurrido en Lanco es quinto que afecta a la regi\u00f3n de Los R\u00edos, urge no normalizar este tipo de hechos y avanzar en medidas que permitan poner fin al terrorismo y que podamos circular en paz por nuestra regi\u00f3n.<\/p>\n\n\n\n<p>Por su parte el presidente de la Multigremial Los R\u00edos, Pablo Hoffman, lament\u00f3 \u201cque se perjudique con este tipo de actos a la gente que presta servicios, especialmente a los peque\u00f1os empresarios y personal que, en estas faenas tan complicadas econ\u00f3micamente, ven c\u00f3mo su esfuerzo de a\u00f1os se pierde de manera irracional\u201d.<\/p>\n","protected":false},"excerpt":{"rendered":"<p>El hecho ocurri\u00f3 en la comuna de Lanco y dej\u00f3 como saldo 3 camionetas quemadas, 3 camiones y 4 maquinarias forestales. El ataque fue adjudicado por la Coordinadora Arauco Malleco (CAM).<\/p>\n","protected":false},"author":1,"featured_media":8137,"comment_status":"closed","ping_status":"closed","sticky":false,"template":"","format":"standard","meta":{"footnotes":""},"categories":[3],"tags":[],"class_list":["post-8136","post","type-post","status-publish","format-standard","has-post-thumbnail","hentry","category-al-dia"],"_links":{"self":[{"href":"https:\/\/www.semanariolocal.cl\/index.php?rest_route=\/wp\/v2\/posts\/8136","targetHints":{"allow":["GET"]}}],"collection":[{"href":"https:\/\/www.semanariolocal.cl\/index.php?rest_route=\/wp\/v2\/posts"}],"about":[{"href":"https:\/\/www.semanariolocal.cl\/index.php?rest_route=\/wp\/v2\/types\/post"}],"author":[{"embeddable":true,"href":"https:\/\/www.semanariolocal.cl\/index.php?rest_route=\/wp\/v2\/users\/1"}],"replies":[{"embeddable":true,"href":"https:\/\/www.semanariolocal.cl\/index.php?rest_route=%2Fwp%2Fv2%2Fcomments&post=8136"}],"version-history":[{"count":1,"href":"https:\/\/www.semanariolocal.cl\/index.php?rest_route=\/wp\/v2\/posts\/8136\/revisions"}],"predecessor-version":[{"id":8138,"href":"https:\/\/www.semanariolocal.cl\/index.php?rest_route=\/wp\/v2\/posts\/8136\/revisions\/8138"}],"wp:featuredmedia":[{"embeddable":true,"href":"https:\/\/www.semanariolocal.cl\/index.php?rest_route=\/wp\/v2\/media\/8137"}],"wp:attachment":[{"href":"https:\/\/www.semanariolocal.cl\/index.php?rest_route=%2Fwp%2Fv2%2Fmedia&parent=8136"}],"wp:term":[{"taxonomy":"category","embeddable":true,"href":"https:\/\/www.semanariolocal.cl\/index.php?rest_route=%2Fwp%2Fv2%2Fcategories&post=8136"},{"taxonomy":"post_tag","embeddable":true,"href":"https:\/\/www.semanariolocal.cl\/index.php?rest_route=%2Fwp%2Fv2%2Ftags&post=8136"}],"curies":[{"name":"wp","href":"https:\/\/api.w.org\/{rel}","templated":true}]}}