{"id":8133,"date":"2022-09-15T07:50:00","date_gmt":"2022-09-15T10:50:00","guid":{"rendered":"https:\/\/www.semanariolocal.cl\/?p=8133"},"modified":"2022-09-15T23:46:13","modified_gmt":"2022-09-16T02:46:13","slug":"estudio-busca-contribuir-a-la-acreditacion-de-centros-de-atencion-primaria-de-salud","status":"publish","type":"post","link":"https:\/\/www.semanariolocal.cl\/?p=8133","title":{"rendered":"Estudio busca contribuir a la acreditaci\u00f3n de centros de atenci\u00f3n primaria de salud"},"content":{"rendered":"\n<p>La acreditaci\u00f3n en salud es un proceso de evaluaci\u00f3n al cual se someten los diversos centros asistenciales, permitiendo fijar el cumplimiento de est\u00e1ndares de calidad relacionados con la atenci\u00f3n a las y los usuarios. A pesar de su importancia, es de car\u00e1cter voluntaria para los m\u00e1s de 2 mil establecimientos de atenci\u00f3n primaria de salud que existen en Chile.<\/p>\n\n\n\n<p>Ante esto, un equipo de seis investigadores, encabezado por Juan Coss, Jairo Vanegas y Alejandra Rojas, docentes de la Escuela de Obstetricia y Puericultura de la Universidad de Santiago de Chile, public\u00f3 un estudio en la International Journal of Environmental Research and Public Health, una prestigiosa revista cient\u00edfica suiza perteneciente al Instituto Multidisciplinario de Publicaciones Digitales del mismo pa\u00eds (MDPI en ingl\u00e9s).<\/p>\n\n\n\n<p>Dicha investigaci\u00f3n indag\u00f3 en el proceso de acreditaci\u00f3n de los 33 Centros de Salud Familiar (Cesfam) evaluados de forma positiva hasta 2019, los cuales representan s\u00f3lo el cinco por ciento de un total de 593 recintos.<\/p>\n\n\n\n<p>El trabajo caracteriz\u00f3 a las 17 comunas que poseen centros acreditados en calidad -ubicadas en su mayor\u00eda en la zona centro sur del pa\u00eds- en relaci\u00f3n con 18 variables socioecon\u00f3micas, demogr\u00e1ficas y de gesti\u00f3n cl\u00ednica, de recursos humanos y financiera.<\/p>\n\n\n\n<p>El objetivo fue aportar con nuevos antecedentes que pudiesen influir en los resultados favorables de dichos establecimientos.<\/p>\n\n\n\n<p>Esta publicaci\u00f3n cient\u00edfica corresponde a una primera fase, de car\u00e1cter cuantitativa, de un proyecto Dicyt que contempla otros dos art\u00edculos que se dar\u00e1n a conocer en el futuro, adem\u00e1s de la elaboraci\u00f3n de un libro que relatar\u00e1 la historia de este proceso indagatorio y la realizaci\u00f3n de seminarios al respecto.<\/p>\n\n\n\n<p><strong>Los resultados<\/strong><\/p>\n\n\n\n<p>El estudio dio cuenta de un comportamiento dispar de las comunas con centros acreditados frente a las variables utilizadas. Seg\u00fan explic\u00f3 Juan Coss, investigador jefe del proyecto, no fue posible determinar si en la acreditaci\u00f3n influ\u00eda de manera determinante una variable u otra, en especial las de car\u00e1cter financiero. \u201cLo que s\u00ed identificamos es que las comunas (con Cesfam acreditados) se agrupan en virtud de ciertos elementos\u201d, tales como la cantidad de usuarios inscritos en los centros versus la poblaci\u00f3n total de las comunas, niveles de pobreza e ingresos municipales.<\/p>\n\n\n\n<p>El art\u00edculo destac\u00f3 que municipios con altos \u00edndices de pobreza y bajos niveles de financiamiento lograron acreditar a sus Cesfam. Adem\u00e1s, se\u00f1al\u00f3 que de siete elementos relacionados con gesti\u00f3n de recursos humanos, cinco de aquellos contribuyen de manera importante al logro del proceso, agregando que lo anterior \u201cse podr\u00eda explicar por la incorporaci\u00f3n de una cultura de calidad en los funcionarios que integran los centros de salud\u201d.<\/p>\n\n\n\n<p>\u201cHemos visto luces de que aquello marca la diferencia, aunque se debe comprobar dicha hip\u00f3tesis. Hay diferencias en el estilo de liderazgo y de trabajo en equipo que s\u00ed puede ser un factor com\u00fan que se ha traducido en el \u00e9xito de los procesos de acreditaci\u00f3n\u201d, asever\u00f3 la investigadora Alejandra Rojas.<\/p>\n\n\n\n<p><strong>Camino trazado<\/strong><\/p>\n\n\n\n<p>Para Juan Coss, los centros de salud familiar que han logrado acreditarse en calidad \u201cson pioneros y lo han hecho s\u00f3lo por compromiso hacia la poblaci\u00f3n. Por eso, lo que estamos haciendo es contribuir con herramientas y elementos t\u00e9cnicos que les puedan ayudar a sobrellevar un mejor proceso\u201d.<\/p>\n\n\n\n<p>Por su parte, el acad\u00e9mico Jairo Vanegas destac\u00f3 la importancia de fomentar la acreditaci\u00f3n en calidad en la atenci\u00f3n primaria de salud. \u201cEn ese sentido, la participaci\u00f3n comunitaria tambi\u00e9n lo es, para que as\u00ed las estrategias de prevenci\u00f3n tengan alg\u00fan resultado importante y disminuyan la carga de la atenci\u00f3n terciaria, que implica m\u00e1s recursos y mayor cantidad de personal especializado\u201d.<\/p>\n\n\n\n<p>La siguiente fase del estudio consiste en un an\u00e1lisis cualitativo, que consta de entrevistas en terreno a los equipos de salud de los centros asistenciales acreditados, algunas de las cuales ya se han llevado a cabo. \u201cPodremos evaluar aspectos como el liderazgo y habilidades m\u00e1s transversales\u201d, concluy\u00f3 Rojas.<\/p>\n","protected":false},"excerpt":{"rendered":"<p>El trabajo realizado por profesores de Obstetricia y Puericultura de la Universidad de Santiago propone que la gesti\u00f3n de los equipos sanitarios podr\u00eda ser un aspecto clave.<\/p>\n","protected":false},"author":1,"featured_media":8134,"comment_status":"closed","ping_status":"closed","sticky":false,"template":"","format":"standard","meta":{"footnotes":""},"categories":[11],"tags":[],"class_list":["post-8133","post","type-post","status-publish","format-standard","has-post-thumbnail","hentry","category-educacion"],"_links":{"self":[{"href":"https:\/\/www.semanariolocal.cl\/index.php?rest_route=\/wp\/v2\/posts\/8133","targetHints":{"allow":["GET"]}}],"collection":[{"href":"https:\/\/www.semanariolocal.cl\/index.php?rest_route=\/wp\/v2\/posts"}],"about":[{"href":"https:\/\/www.semanariolocal.cl\/index.php?rest_route=\/wp\/v2\/types\/post"}],"author":[{"embeddable":true,"href":"https:\/\/www.semanariolocal.cl\/index.php?rest_route=\/wp\/v2\/users\/1"}],"replies":[{"embeddable":true,"href":"https:\/\/www.semanariolocal.cl\/index.php?rest_route=%2Fwp%2Fv2%2Fcomments&post=8133"}],"version-history":[{"count":1,"href":"https:\/\/www.semanariolocal.cl\/index.php?rest_route=\/wp\/v2\/posts\/8133\/revisions"}],"predecessor-version":[{"id":8135,"href":"https:\/\/www.semanariolocal.cl\/index.php?rest_route=\/wp\/v2\/posts\/8133\/revisions\/8135"}],"wp:featuredmedia":[{"embeddable":true,"href":"https:\/\/www.semanariolocal.cl\/index.php?rest_route=\/wp\/v2\/media\/8134"}],"wp:attachment":[{"href":"https:\/\/www.semanariolocal.cl\/index.php?rest_route=%2Fwp%2Fv2%2Fmedia&parent=8133"}],"wp:term":[{"taxonomy":"category","embeddable":true,"href":"https:\/\/www.semanariolocal.cl\/index.php?rest_route=%2Fwp%2Fv2%2Fcategories&post=8133"},{"taxonomy":"post_tag","embeddable":true,"href":"https:\/\/www.semanariolocal.cl\/index.php?rest_route=%2Fwp%2Fv2%2Ftags&post=8133"}],"curies":[{"name":"wp","href":"https:\/\/api.w.org\/{rel}","templated":true}]}}