{"id":8127,"date":"2022-09-18T08:25:00","date_gmt":"2022-09-18T11:25:00","guid":{"rendered":"https:\/\/www.semanariolocal.cl\/?p=8127"},"modified":"2022-09-15T23:39:40","modified_gmt":"2022-09-16T02:39:40","slug":"folclorista-puertomontino-jose-munoz-recibio-el-premio-nacional-margot-loyola","status":"publish","type":"post","link":"https:\/\/www.semanariolocal.cl\/?p=8127","title":{"rendered":"Folclorista puertomontino Jos\u00e9 Mu\u00f1oz recibi\u00f3 el Premio Nacional Margot Loyola"},"content":{"rendered":"\n<p>El destacado profesor de m\u00fasica y gestor cultural puertomontino Jos\u00e9 Mu\u00f1oz Contreras recibi\u00f3 esta tarde el Premio Nacional a la Trayectoria en Cultura Tradicional Margot Loyola Palacios, reconocimiento que entrega el Ministerio de las Culturas, las Artes y el Patrimonio (Mincap), a personas o agrupaciones que a trav\u00e9s de su actividad, enriquecen la cultura tradicional y el patrimonio cultural inmaterial del pa\u00eds.<\/p>\n\n\n\n<p>En este contexto Jos\u00e9 Mu\u00f1oz,&nbsp;&nbsp;profesor e investigador de la cultura tradicional chilota, a los 83 a\u00f1os se transform\u00f3 en una de las tres personas que fueron galardonadas a nivel nacional esta jornada y el segundo de la Regi\u00f3n de Los Lagos en recibir esta distinci\u00f3n. En 2020 ya hab\u00eda sido reconocido el escritor e investigador de la cultura chilota Renato C\u00e1rdenas \u00c1lvarez, fallecido en abril de este 2022.<\/p>\n\n\n\n<p>El anuncio fue dado a conocer este jueves por la ministra del Mincap, Julieta Brodsky, durante una ceremonia en la que participaron autoridades culturales, representantes de la Academia Nacional en Cultura Tradicional Margot Loyola Palacios y los tres reconocidos de este a\u00f1o: El actor y gestor cultural; Ernesto Antonio Bravo Valdivia, creador del carnaval hist\u00f3rico de San Antonio de Padua; la folklorista, cantante popular y maestra, Mar\u00eda Ester Zamora Valenzuela, creadora de La casa de la cueca; y el profesor e investigador de la cultura tradicional chilota, Jos\u00e9 Eleazer Mu\u00f1oz Contreras.<\/p>\n\n\n\n<p>Cabe destacar que este premio&nbsp;es entregado desde el 2016 por la cartera de cultura a tres personas a nivel nacional, las que deben ser destacadas por sus comunidades como actores que hayan enriquecido la cultura tradicional y el patrimonio cultural del pa\u00eds.<\/p>\n\n\n\n<p>En este sentido Jos\u00e9 Mu\u00f1oz fue postulado por la Fundaci\u00f3n Voces Locales de Puerto Montt con el apoyo de los folcloristas de toda la regi\u00f3n, Pablo F\u00e1bregas historiador y representante de la fundaci\u00f3n que lo postul\u00f3 al premio, recalc\u00f3 la trascendencia del trabajo que ha desarrollado por la cultura local Jos\u00e9 Mu\u00f1oz. \u201cConocemos su trabajo, \u00e9l tiene 83 a\u00f1os y toda su vida ha estado trabajando en nuestra zona como profesor y sobre todo como recopilador, investigador del folclor local, especialmente de la cultura chilota, de los rituales religiosos, de las tradiciones de las devociones\u201d coment\u00f3 F\u00e1bregas.<\/p>\n\n\n\n<p>Dedicado a la docencia en distintas escuelas de Puerto Montt, Mu\u00f1oz paralelamente, ha dedicado su vida al folclor, como recopilador e investigador de la m\u00fasica, las danzas y las representaciones que se realizaban en diversos puntos de la regi\u00f3n, con especial atenci\u00f3n en la Isla de Chilo\u00e9. Parte relevante de lo recopilado fue transformado en libretos que fueron representados en el Encuentro Nacional de Folclore de San Bernardo, en diferentes a\u00f1os y por distintas agrupaciones, cont\u00f3 el historiador local F\u00e1bregas.<\/p>\n\n\n\n<p>Respecto al premio que recibi\u00f3 el gestor cultural local, F\u00e1bregas a\u00f1adi\u00f3 que, \u201c\u00e9l es una persona muy sencilla y por lo mismo no es una persona que est\u00e9 acostumbrada a que se le rindan homenajes, pero yo creo que lo importante es el reconocimiento a su persona, porque \u00e9l siempre ha sido muy generoso no solo con su tiempo, sino que con todos los recursos que \u00e9l tiene, sus conocimientos, siempre est\u00e1 investigando\u201d.<\/p>\n\n\n\n<p>En la misma l\u00ednea el vocero de \u201cVoces locales\u201d destac\u00f3 la influencia de&nbsp;&nbsp;Mu\u00f1oz en los grupos folcl\u00f3ricos de la regi\u00f3n asegurando que muchos \u201clo consideran su maestro por su rigurosidad formativa, su generosidad para compartir todo lo que sabe y tiene, adem\u00e1s don Jos\u00e9 representa a los folcloristas, hay m\u00e1s de 50 grupos folcl\u00f3ricos en Puerto Montt, entonces es s\u00faper importante que personas como \u00e9l sean reconocidas para que se valore m\u00e1s el folclor local regional y con identidad, que tanta falta hace a la gente de Puerto Montt\u201d remat\u00f3.<\/p>\n\n\n\n<p>Finalmente y como una forma de homenajear y celebrar al folclorista, la Municipalidad de Puerto Montt, junto a la Seremi de las Culturas, las Artes y el Patrimonio, la Corporaci\u00f3n Cultural de Puerto Montt, la Agrupaci\u00f3n Folcloristas Unidos, la Escuela de Cultura y la Difusi\u00f3n Art\u00edstica, donde don Jos\u00e9 se desempe\u00f1\u00f3 como docente los \u00faltimos 32 a\u00f1os de su profesi\u00f3n y la Fundaci\u00f3n Voces Locales, realizar\u00e1n una actividad abierta al p\u00fablico el pr\u00f3ximo mi\u00e9rcoles 21 de septiembre desde las 19 horas en el Teatro Diego Rivera, instancia en que se presentar\u00e1 el reconocido grupo local Bordemar.<\/p>\n","protected":false},"excerpt":{"rendered":"<p>El gestor cultural Jos\u00e9 Mu\u00f1oz Contreras de la comuna de Puerto Montt obtuvo el Premio Nacional a la Trayectoria en Cultura Tradicional Margot Loyola Palacios que entrega el Ministerio de las Culturas, las Artes y el Patrimonio, transform\u00e1ndose  en la segunda persona que recibe este reconocimiento en la Regi\u00f3n de Los Lagos.<\/p>\n","protected":false},"author":1,"featured_media":8128,"comment_status":"closed","ping_status":"closed","sticky":false,"template":"","format":"standard","meta":{"footnotes":""},"categories":[3,10],"tags":[],"class_list":["post-8127","post","type-post","status-publish","format-standard","has-post-thumbnail","hentry","category-al-dia","category-cultura"],"_links":{"self":[{"href":"https:\/\/www.semanariolocal.cl\/index.php?rest_route=\/wp\/v2\/posts\/8127","targetHints":{"allow":["GET"]}}],"collection":[{"href":"https:\/\/www.semanariolocal.cl\/index.php?rest_route=\/wp\/v2\/posts"}],"about":[{"href":"https:\/\/www.semanariolocal.cl\/index.php?rest_route=\/wp\/v2\/types\/post"}],"author":[{"embeddable":true,"href":"https:\/\/www.semanariolocal.cl\/index.php?rest_route=\/wp\/v2\/users\/1"}],"replies":[{"embeddable":true,"href":"https:\/\/www.semanariolocal.cl\/index.php?rest_route=%2Fwp%2Fv2%2Fcomments&post=8127"}],"version-history":[{"count":1,"href":"https:\/\/www.semanariolocal.cl\/index.php?rest_route=\/wp\/v2\/posts\/8127\/revisions"}],"predecessor-version":[{"id":8129,"href":"https:\/\/www.semanariolocal.cl\/index.php?rest_route=\/wp\/v2\/posts\/8127\/revisions\/8129"}],"wp:featuredmedia":[{"embeddable":true,"href":"https:\/\/www.semanariolocal.cl\/index.php?rest_route=\/wp\/v2\/media\/8128"}],"wp:attachment":[{"href":"https:\/\/www.semanariolocal.cl\/index.php?rest_route=%2Fwp%2Fv2%2Fmedia&parent=8127"}],"wp:term":[{"taxonomy":"category","embeddable":true,"href":"https:\/\/www.semanariolocal.cl\/index.php?rest_route=%2Fwp%2Fv2%2Fcategories&post=8127"},{"taxonomy":"post_tag","embeddable":true,"href":"https:\/\/www.semanariolocal.cl\/index.php?rest_route=%2Fwp%2Fv2%2Ftags&post=8127"}],"curies":[{"name":"wp","href":"https:\/\/api.w.org\/{rel}","templated":true}]}}